{"id":102158,"date":"2021-04-23T18:53:04","date_gmt":"2021-04-23T18:53:04","guid":{"rendered":"https:\/\/raed.academy\/?p=102158"},"modified":"2021-04-25T11:08:24","modified_gmt":"2021-04-25T11:08:24","slug":"mariano-puig-exemple-per-a-lempresa-i-per-a-la-vida","status":"publish","type":"post","link":"https:\/\/raed.academy\/ca\/mariano-puig-exemple-per-a-lempresa-i-per-a-la-vida\/","title":{"rendered":"Mariano Puig, exemple per a l&#8217;empresa i per a la vida"},"content":{"rendered":"<p><a href=\"https:\/\/raed.academy\/ca\/academics\/dr-aldo-olcese-santonja\/\" target=\"_blank\" rel=\"noopener\"><strong><em>Aldo Olcese<\/em><\/strong><\/a><br \/>\n<em>President de la Fundaci\u00f3 Independent i de l&#8217;Associaci\u00f3 Nacional Societat Civil Ara i vice-president i acad\u00e8mic de n\u00famero de la Reial Acad\u00e8mia Europea de Doctors-Barcelona 1914 (RAED)<\/em><\/p>\n<p><em>Article publicat al diari econ\u00f2mic &#8220;Expansi\u00f3n&#8221; el 15 d&#8217;abril del 2021<\/em><\/p>\n<p><a href=\"https:\/\/raed.academy\/ca\/academics\/dr-aldo-olcese-santonja\/\" target=\"_blank\" rel=\"noopener\"><strong><em>Aldo Olcese<\/em><\/strong><\/a>, president de la <strong>Fundaci\u00f3 Independent<\/strong> i de l&#8217;<strong>Associaci\u00f3 Nacional Societat Civil Ara<\/strong> i vice-president i acad\u00e8mic de n\u00famero de la <strong>Reial Acad\u00e8mia Europea de Doctors-Barcelona 1914<\/strong> (RAED), va dedicar un sentit article al desaparegut empresari <strong>Mariano Puig<\/strong> a l&#8217;edici\u00f3 del diari d&#8217;informaci\u00f3 econ\u00f2mica <strong>&#8220;Expansi\u00f3n&#8221;<\/strong> corresponent al passat 15 d&#8217;abril. Olcese i Puig van coincidir a principis dels anys 90 del segle passat com a patrons de la <strong>Fundaci\u00f3 Faes<\/strong> i des de llavors van conrear una estreta amistat que havia durat fins ara.<\/p>\n<p>L&#8217;acad\u00e8mic i vice-president de la RAED destaca els trets humans i professionals del president del <strong>Grupo Puig<\/strong>, aix\u00ed com una personalitat que li va permetre sempre ser un bon negociador i l&#8217;aliat perfecte per trobar el consens. Va ser, explica Olcese, el que va aconseguir entre les autoritats de Catalunya i de l&#8217;Estat, en la recerca constant d&#8217;una dif\u00edcil conc\u00f2rdia. &#8220;Va dedicar molts esfor\u00e7os, tan silenciosos com efica\u00e7os i dilatats al llarg del temps, a la defensa d&#8217;una col\u00b7laboraci\u00f3 estreta i estrat\u00e8gica entre Catalunya com a part essencial d&#8217;Espanya i el Govern central. Ning\u00fa com ell no va fer millor defensa i pedagogia de Catalunya a Madrid com element crucial per a la potenciaci\u00f3 d&#8217;Espanya. I va saber fer-ho amb un amor per Catalunya i per Espanya i amb una intel\u00b7lig\u00e8ncia i un equilibri tan encomiables com extraordinaris&#8221;, detalla.<\/p>\n<div id=\"attachment_102154\" style=\"width: 410px\" class=\"wp-caption alignright\"><img loading=\"lazy\" decoding=\"async\" aria-describedby=\"caption-attachment-102154\" class=\"wp-image-102154 size-full\" src=\"https:\/\/raed.academy\/wp-content\/uploads\/2021\/04\/Mariano-Puig-dst.jpg\" alt=\"Mariano Puig\" width=\"400\" height=\"240\" aria-describedby=\"caption-attachment-102154\" data-attachment-id=\"102154\" data-permalink=\"https:\/\/raed.academy\/aldo-olcese-rememora-a-mariano-puig\/mariano-puig-dst\/\" data-orig-file=\"https:\/\/raed.academy\/wp-content\/uploads\/2021\/04\/Mariano-Puig-dst.jpg\" data-orig-size=\"400,240\" data-comments-opened=\"0\" data-image-meta=\"{&quot;aperture&quot;:&quot;0&quot;,&quot;credit&quot;:&quot;&quot;,&quot;camera&quot;:&quot;&quot;,&quot;caption&quot;:&quot;&quot;,&quot;created_timestamp&quot;:&quot;0&quot;,&quot;copyright&quot;:&quot;&quot;,&quot;focal_length&quot;:&quot;0&quot;,&quot;iso&quot;:&quot;0&quot;,&quot;shutter_speed&quot;:&quot;0&quot;,&quot;title&quot;:&quot;&quot;,&quot;orientation&quot;:&quot;0&quot;}\" data-image-title=\"Mariano-Puig-dst\" data-image-description=\"\" data-medium-file=\"https:\/\/raed.academy\/wp-content\/uploads\/2021\/04\/Mariano-Puig-dst.jpg\" data-large-file=\"https:\/\/raed.academy\/wp-content\/uploads\/2021\/04\/Mariano-Puig-dst.jpg\" \/><p id=\"caption-attachment-102154\" class=\"wp-caption-text\">Mariano Puig<\/p><\/div>\n<p>Nascut a Barcelona el 1927, Mariano Puig era un dels membres de la segona generaci\u00f3 d&#8217;una empresa catalana que sota el seu comandament va esdevenir una multinacional de refer\u00e8ncia que actualment genera 2.000 milions d&#8217;euros amb la producci\u00f3 i distribuci\u00f3 de marques de perfums com ara <strong>Carolina Herrera<\/strong>,<strong> Paco Rabanne<\/strong>, <strong>Jean Paul Gautier<\/strong> o <strong>Nina Ricci<\/strong>, entre d&#8217;altres. Despr\u00e9s de cinc d\u00e8cades com a conseller delegat o president del grup, el 2004 va passar el testimoni al seu fill <strong>Marc Puig<\/strong> com a conseller delegat. Membre del consell d&#8217;administraci\u00f3 d&#8217;altres empreses espanyoles de refer\u00e8ncia, com el <strong>Grupo Pascual<\/strong>, Puig va recomanar a <strong>Tom\u00e1s Pascual<\/strong> fer el mateix amb el seu fill, com revela Olcese al seu article. &#8220;El teu fill est\u00e0 per portar l&#8217;empresa, no per fer fotoc\u00f2pies&#8221;, explica l&#8217;acad\u00e8mic que li va dir un dia.<\/p>\n<p>Puig va ser tamb\u00e9 un dels impulsors de l&#8217;<strong>Institut de l&#8217;Empresa Familiar<\/strong>, que va presidir entre el 1995 i el 1997, membre de l&#8217;<strong>Associaci\u00f3 Europea d&#8217;Empresa Familiar<\/strong>, del <strong>Consell Internacional<\/strong> de l&#8217;escola de negocis <strong>IESE-Universitat de Navarra<\/strong>, del <strong>Consell Internacional<\/strong> de la <strong>Universitat de Barcelona<\/strong>, \u200b\u200bde la <strong>Fundaci\u00f3 Reial Acad\u00e8mia Espanyola de la Llengua<\/strong> i patr\u00f3 de la <strong>Fundaci\u00f3 Princesa d&#8217;Ast\u00faries<\/strong>, entre moltes altres responsabilitats d&#8217;ampli abast social.<\/p>\n","protected":false},"excerpt":{"rendered":"<p>Aldo Olcese dedica un sentit article al desaparegut empresari Mariano Puig en l&#8217;edici\u00f3 del diari d&#8217;informaci\u00f3 econ\u00f2mica &#8220;Expansi\u00f3n&#8221;<\/p>\n","protected":false},"author":12,"featured_media":102155,"comment_status":"closed","ping_status":"closed","sticky":false,"template":"","format":"standard","meta":{"_et_pb_use_builder":"","_et_pb_old_content":"","_et_gb_content_width":"","footnotes":""},"categories":[304,233],"tags":[],"class_list":["post-102158","post","type-post","status-publish","format-standard","has-post-thumbnail","hentry","category-economia-i-politica-ca","category-economiques-i-empresarials","et-has-post-format-content","et_post_format-et-post-format-standard"],"yoast_head":"<!-- This site is optimized with the Yoast SEO plugin v27.4 - https:\/\/yoast.com\/product\/yoast-seo-wordpress\/ -->\n<title>Mariano Puig, exemple per a l&#039;empresa i per a la vida - Reial Acad\u00e8mia Europea de Doctors<\/title>\n<meta name=\"description\" content=\"Aldo Olcese dedica un sentit article al desaparegut empresari Mariano Puig en l&#039;edici\u00f3 del diari d&#039;informaci\u00f3 econ\u00f2mica &quot;Expansi\u00f3n&quot;\" \/>\n<meta name=\"robots\" content=\"index, follow, max-snippet:-1, max-image-preview:large, max-video-preview:-1\" \/>\n<link rel=\"canonical\" href=\"https:\/\/raed.academy\/ca\/mariano-puig-exemple-per-a-lempresa-i-per-a-la-vida\/\" \/>\n<meta property=\"og:locale\" content=\"ca_ES\" \/>\n<meta property=\"og:type\" content=\"article\" \/>\n<meta property=\"og:title\" content=\"Mariano Puig, exemple per a l&#039;empresa i per a la vida - Reial Acad\u00e8mia Europea de Doctors\" \/>\n<meta property=\"og:description\" content=\"Aldo Olcese dedica un sentit article al desaparegut empresari Mariano Puig en l&#039;edici\u00f3 del diari d&#039;informaci\u00f3 econ\u00f2mica &quot;Expansi\u00f3n&quot;\" \/>\n<meta property=\"og:url\" content=\"https:\/\/raed.academy\/ca\/mariano-puig-exemple-per-a-lempresa-i-per-a-la-vida\/\" \/>\n<meta property=\"og:site_name\" content=\"Reial Acad\u00e8mia Europea de Doctors\" \/>\n<meta property=\"article:publisher\" content=\"http:\/\/fb.me\/raed.academy\" \/>\n<meta property=\"article:published_time\" content=\"2021-04-23T18:53:04+00:00\" \/>\n<meta property=\"article:modified_time\" content=\"2021-04-25T11:08:24+00:00\" \/>\n<meta property=\"og:image\" content=\"https:\/\/raed.academy\/wp-content\/uploads\/2021\/04\/Mariano-Puig-dst.jpg\" \/>\n\t<meta property=\"og:image:width\" content=\"400\" \/>\n\t<meta property=\"og:image:height\" content=\"240\" \/>\n\t<meta property=\"og:image:type\" content=\"image\/jpeg\" \/>\n<meta name=\"author\" content=\"RAED\" \/>\n<meta name=\"twitter:card\" content=\"summary_large_image\" \/>\n<meta name=\"twitter:creator\" content=\"@raedacademy\" \/>\n<meta name=\"twitter:site\" content=\"@raedacademy\" \/>\n<meta name=\"twitter:label1\" content=\"Written by\" \/>\n\t<meta name=\"twitter:data1\" content=\"RAED\" \/>\n\t<meta name=\"twitter:label2\" content=\"Est. reading time\" \/>\n\t<meta name=\"twitter:data2\" content=\"3 minutes\" \/>\n<script type=\"application\/ld+json\" class=\"yoast-schema-graph\">{\"@context\":\"https:\\\/\\\/schema.org\",\"@graph\":[{\"@type\":\"Article\",\"@id\":\"https:\\\/\\\/raed.academy\\\/ca\\\/mariano-puig-exemple-per-a-lempresa-i-per-a-la-vida\\\/#article\",\"isPartOf\":{\"@id\":\"https:\\\/\\\/raed.academy\\\/ca\\\/mariano-puig-exemple-per-a-lempresa-i-per-a-la-vida\\\/\"},\"author\":{\"name\":\"RAED\",\"@id\":\"https:\\\/\\\/raed.academy\\\/ca\\\/#\\\/schema\\\/person\\\/5a755da80d1d979fd66ba745c8702927\"},\"headline\":\"Mariano Puig, exemple per a l&#8217;empresa i per a la vida\",\"datePublished\":\"2021-04-23T18:53:04+00:00\",\"dateModified\":\"2021-04-25T11:08:24+00:00\",\"mainEntityOfPage\":{\"@id\":\"https:\\\/\\\/raed.academy\\\/ca\\\/mariano-puig-exemple-per-a-lempresa-i-per-a-la-vida\\\/\"},\"wordCount\":533,\"publisher\":{\"@id\":\"https:\\\/\\\/raed.academy\\\/ca\\\/#organization\"},\"image\":{\"@id\":\"https:\\\/\\\/raed.academy\\\/ca\\\/mariano-puig-exemple-per-a-lempresa-i-per-a-la-vida\\\/#primaryimage\"},\"thumbnailUrl\":\"https:\\\/\\\/raed.academy\\\/wp-content\\\/uploads\\\/2021\\\/04\\\/Mariano-Puig-dst.jpg\",\"articleSection\":[\"Economia i pol\u00edtica\",\"Econ\u00f2miques i Empresarials\"],\"inLanguage\":\"ca-ES\"},{\"@type\":\"WebPage\",\"@id\":\"https:\\\/\\\/raed.academy\\\/ca\\\/mariano-puig-exemple-per-a-lempresa-i-per-a-la-vida\\\/\",\"url\":\"https:\\\/\\\/raed.academy\\\/ca\\\/mariano-puig-exemple-per-a-lempresa-i-per-a-la-vida\\\/\",\"name\":\"Mariano Puig, exemple per a l'empresa i per a la vida - Reial Acad\u00e8mia Europea de Doctors\",\"isPartOf\":{\"@id\":\"https:\\\/\\\/raed.academy\\\/ca\\\/#website\"},\"primaryImageOfPage\":{\"@id\":\"https:\\\/\\\/raed.academy\\\/ca\\\/mariano-puig-exemple-per-a-lempresa-i-per-a-la-vida\\\/#primaryimage\"},\"image\":{\"@id\":\"https:\\\/\\\/raed.academy\\\/ca\\\/mariano-puig-exemple-per-a-lempresa-i-per-a-la-vida\\\/#primaryimage\"},\"thumbnailUrl\":\"https:\\\/\\\/raed.academy\\\/wp-content\\\/uploads\\\/2021\\\/04\\\/Mariano-Puig-dst.jpg\",\"datePublished\":\"2021-04-23T18:53:04+00:00\",\"dateModified\":\"2021-04-25T11:08:24+00:00\",\"description\":\"Aldo Olcese dedica un sentit article al desaparegut empresari Mariano Puig en l'edici\u00f3 del diari d'informaci\u00f3 econ\u00f2mica \\\"Expansi\u00f3n\\\"\",\"breadcrumb\":{\"@id\":\"https:\\\/\\\/raed.academy\\\/ca\\\/mariano-puig-exemple-per-a-lempresa-i-per-a-la-vida\\\/#breadcrumb\"},\"inLanguage\":\"ca-ES\",\"potentialAction\":[{\"@type\":\"ReadAction\",\"target\":[\"https:\\\/\\\/raed.academy\\\/ca\\\/mariano-puig-exemple-per-a-lempresa-i-per-a-la-vida\\\/\"]}]},{\"@type\":\"ImageObject\",\"inLanguage\":\"ca-ES\",\"@id\":\"https:\\\/\\\/raed.academy\\\/ca\\\/mariano-puig-exemple-per-a-lempresa-i-per-a-la-vida\\\/#primaryimage\",\"url\":\"https:\\\/\\\/raed.academy\\\/wp-content\\\/uploads\\\/2021\\\/04\\\/Mariano-Puig-dst.jpg\",\"contentUrl\":\"https:\\\/\\\/raed.academy\\\/wp-content\\\/uploads\\\/2021\\\/04\\\/Mariano-Puig-dst.jpg\",\"width\":400,\"height\":240,\"caption\":\"Mariano Puig\"},{\"@type\":\"BreadcrumbList\",\"@id\":\"https:\\\/\\\/raed.academy\\\/ca\\\/mariano-puig-exemple-per-a-lempresa-i-per-a-la-vida\\\/#breadcrumb\",\"itemListElement\":[{\"@type\":\"ListItem\",\"position\":1,\"name\":\"Inicio\",\"item\":\"https:\\\/\\\/raed.academy\\\/ca\\\/\"},{\"@type\":\"ListItem\",\"position\":2,\"name\":\"Mariano Puig, exemple per a l&#8217;empresa i per a la vida\"}]},{\"@type\":\"WebSite\",\"@id\":\"https:\\\/\\\/raed.academy\\\/ca\\\/#website\",\"url\":\"https:\\\/\\\/raed.academy\\\/ca\\\/\",\"name\":\"Reial Acad\u00e8mia Europea de Doctors\",\"description\":\"Corporaci\u00f3n de derecho p\u00fablico de car\u00e1cter cient\u00edfico, t\u00e9cnico y art\u00edstico, que tiene por objeto la investigaci\u00f3n, el estudio, el fomento y la extensi\u00f3n del conocimiento en su sentido m\u00e1s amplio\",\"publisher\":{\"@id\":\"https:\\\/\\\/raed.academy\\\/ca\\\/#organization\"},\"potentialAction\":[{\"@type\":\"SearchAction\",\"target\":{\"@type\":\"EntryPoint\",\"urlTemplate\":\"https:\\\/\\\/raed.academy\\\/ca\\\/?s={search_term_string}\"},\"query-input\":{\"@type\":\"PropertyValueSpecification\",\"valueRequired\":true,\"valueName\":\"search_term_string\"}}],\"inLanguage\":\"ca-ES\"},{\"@type\":\"Organization\",\"@id\":\"https:\\\/\\\/raed.academy\\\/ca\\\/#organization\",\"name\":\"Real Academia Europea de Doctores\",\"url\":\"https:\\\/\\\/raed.academy\\\/ca\\\/\",\"logo\":{\"@type\":\"ImageObject\",\"inLanguage\":\"ca-ES\",\"@id\":\"https:\\\/\\\/raed.academy\\\/ca\\\/#\\\/schema\\\/logo\\\/image\\\/\",\"url\":\"https:\\\/\\\/raed.academy\\\/wp-content\\\/uploads\\\/2017\\\/01\\\/cropped-logo_raed.png\",\"contentUrl\":\"https:\\\/\\\/raed.academy\\\/wp-content\\\/uploads\\\/2017\\\/01\\\/cropped-logo_raed.png\",\"width\":512,\"height\":512,\"caption\":\"Real Academia Europea de Doctores\"},\"image\":{\"@id\":\"https:\\\/\\\/raed.academy\\\/ca\\\/#\\\/schema\\\/logo\\\/image\\\/\"},\"sameAs\":[\"http:\\\/\\\/fb.me\\\/raed.academy\",\"https:\\\/\\\/x.com\\\/raedacademy\",\"https:\\\/\\\/www.instagram.com\\\/raed.academy\\\/\",\"https:\\\/\\\/www.youtube.com\\\/channel\\\/UCUYQwW2KrdirNWihxMDObwg\"]},{\"@type\":\"Person\",\"@id\":\"https:\\\/\\\/raed.academy\\\/ca\\\/#\\\/schema\\\/person\\\/5a755da80d1d979fd66ba745c8702927\",\"name\":\"RAED\",\"image\":{\"@type\":\"ImageObject\",\"inLanguage\":\"ca-ES\",\"@id\":\"https:\\\/\\\/secure.gravatar.com\\\/avatar\\\/19fdfdc0d67fb9c45714b703a2ac82251c4fcea3637f002ac3c9b74c0183583c?s=96&d=mm&r=g\",\"url\":\"https:\\\/\\\/secure.gravatar.com\\\/avatar\\\/19fdfdc0d67fb9c45714b703a2ac82251c4fcea3637f002ac3c9b74c0183583c?s=96&d=mm&r=g\",\"contentUrl\":\"https:\\\/\\\/secure.gravatar.com\\\/avatar\\\/19fdfdc0d67fb9c45714b703a2ac82251c4fcea3637f002ac3c9b74c0183583c?s=96&d=mm&r=g\",\"caption\":\"RAED\"}}]}<\/script>\n<!-- \/ Yoast SEO plugin. -->","yoast_head_json":{"title":"Mariano Puig, exemple per a l'empresa i per a la vida - Reial Acad\u00e8mia Europea de Doctors","description":"Aldo Olcese dedica un sentit article al desaparegut empresari Mariano Puig en l'edici\u00f3 del diari d'informaci\u00f3 econ\u00f2mica \"Expansi\u00f3n\"","robots":{"index":"index","follow":"follow","max-snippet":"max-snippet:-1","max-image-preview":"max-image-preview:large","max-video-preview":"max-video-preview:-1"},"canonical":"https:\/\/raed.academy\/ca\/mariano-puig-exemple-per-a-lempresa-i-per-a-la-vida\/","og_locale":"ca_ES","og_type":"article","og_title":"Mariano Puig, exemple per a l'empresa i per a la vida - Reial Acad\u00e8mia Europea de Doctors","og_description":"Aldo Olcese dedica un sentit article al desaparegut empresari Mariano Puig en l'edici\u00f3 del diari d'informaci\u00f3 econ\u00f2mica \"Expansi\u00f3n\"","og_url":"https:\/\/raed.academy\/ca\/mariano-puig-exemple-per-a-lempresa-i-per-a-la-vida\/","og_site_name":"Reial Acad\u00e8mia Europea de Doctors","article_publisher":"http:\/\/fb.me\/raed.academy","article_published_time":"2021-04-23T18:53:04+00:00","article_modified_time":"2021-04-25T11:08:24+00:00","og_image":[{"width":400,"height":240,"url":"https:\/\/raed.academy\/wp-content\/uploads\/2021\/04\/Mariano-Puig-dst.jpg","type":"image\/jpeg"}],"author":"RAED","twitter_card":"summary_large_image","twitter_creator":"@raedacademy","twitter_site":"@raedacademy","twitter_misc":{"Written by":"RAED","Est. reading time":"3 minutes"},"schema":{"@context":"https:\/\/schema.org","@graph":[{"@type":"Article","@id":"https:\/\/raed.academy\/ca\/mariano-puig-exemple-per-a-lempresa-i-per-a-la-vida\/#article","isPartOf":{"@id":"https:\/\/raed.academy\/ca\/mariano-puig-exemple-per-a-lempresa-i-per-a-la-vida\/"},"author":{"name":"RAED","@id":"https:\/\/raed.academy\/ca\/#\/schema\/person\/5a755da80d1d979fd66ba745c8702927"},"headline":"Mariano Puig, exemple per a l&#8217;empresa i per a la vida","datePublished":"2021-04-23T18:53:04+00:00","dateModified":"2021-04-25T11:08:24+00:00","mainEntityOfPage":{"@id":"https:\/\/raed.academy\/ca\/mariano-puig-exemple-per-a-lempresa-i-per-a-la-vida\/"},"wordCount":533,"publisher":{"@id":"https:\/\/raed.academy\/ca\/#organization"},"image":{"@id":"https:\/\/raed.academy\/ca\/mariano-puig-exemple-per-a-lempresa-i-per-a-la-vida\/#primaryimage"},"thumbnailUrl":"https:\/\/raed.academy\/wp-content\/uploads\/2021\/04\/Mariano-Puig-dst.jpg","articleSection":["Economia i pol\u00edtica","Econ\u00f2miques i Empresarials"],"inLanguage":"ca-ES"},{"@type":"WebPage","@id":"https:\/\/raed.academy\/ca\/mariano-puig-exemple-per-a-lempresa-i-per-a-la-vida\/","url":"https:\/\/raed.academy\/ca\/mariano-puig-exemple-per-a-lempresa-i-per-a-la-vida\/","name":"Mariano Puig, exemple per a l'empresa i per a la vida - Reial Acad\u00e8mia Europea de Doctors","isPartOf":{"@id":"https:\/\/raed.academy\/ca\/#website"},"primaryImageOfPage":{"@id":"https:\/\/raed.academy\/ca\/mariano-puig-exemple-per-a-lempresa-i-per-a-la-vida\/#primaryimage"},"image":{"@id":"https:\/\/raed.academy\/ca\/mariano-puig-exemple-per-a-lempresa-i-per-a-la-vida\/#primaryimage"},"thumbnailUrl":"https:\/\/raed.academy\/wp-content\/uploads\/2021\/04\/Mariano-Puig-dst.jpg","datePublished":"2021-04-23T18:53:04+00:00","dateModified":"2021-04-25T11:08:24+00:00","description":"Aldo Olcese dedica un sentit article al desaparegut empresari Mariano Puig en l'edici\u00f3 del diari d'informaci\u00f3 econ\u00f2mica \"Expansi\u00f3n\"","breadcrumb":{"@id":"https:\/\/raed.academy\/ca\/mariano-puig-exemple-per-a-lempresa-i-per-a-la-vida\/#breadcrumb"},"inLanguage":"ca-ES","potentialAction":[{"@type":"ReadAction","target":["https:\/\/raed.academy\/ca\/mariano-puig-exemple-per-a-lempresa-i-per-a-la-vida\/"]}]},{"@type":"ImageObject","inLanguage":"ca-ES","@id":"https:\/\/raed.academy\/ca\/mariano-puig-exemple-per-a-lempresa-i-per-a-la-vida\/#primaryimage","url":"https:\/\/raed.academy\/wp-content\/uploads\/2021\/04\/Mariano-Puig-dst.jpg","contentUrl":"https:\/\/raed.academy\/wp-content\/uploads\/2021\/04\/Mariano-Puig-dst.jpg","width":400,"height":240,"caption":"Mariano Puig"},{"@type":"BreadcrumbList","@id":"https:\/\/raed.academy\/ca\/mariano-puig-exemple-per-a-lempresa-i-per-a-la-vida\/#breadcrumb","itemListElement":[{"@type":"ListItem","position":1,"name":"Inicio","item":"https:\/\/raed.academy\/ca\/"},{"@type":"ListItem","position":2,"name":"Mariano Puig, exemple per a l&#8217;empresa i per a la vida"}]},{"@type":"WebSite","@id":"https:\/\/raed.academy\/ca\/#website","url":"https:\/\/raed.academy\/ca\/","name":"Reial Acad\u00e8mia Europea de Doctors","description":"Corporaci\u00f3n de derecho p\u00fablico de car\u00e1cter cient\u00edfico, t\u00e9cnico y art\u00edstico, que tiene por objeto la investigaci\u00f3n, el estudio, el fomento y la extensi\u00f3n del conocimiento en su sentido m\u00e1s amplio","publisher":{"@id":"https:\/\/raed.academy\/ca\/#organization"},"potentialAction":[{"@type":"SearchAction","target":{"@type":"EntryPoint","urlTemplate":"https:\/\/raed.academy\/ca\/?s={search_term_string}"},"query-input":{"@type":"PropertyValueSpecification","valueRequired":true,"valueName":"search_term_string"}}],"inLanguage":"ca-ES"},{"@type":"Organization","@id":"https:\/\/raed.academy\/ca\/#organization","name":"Real Academia Europea de Doctores","url":"https:\/\/raed.academy\/ca\/","logo":{"@type":"ImageObject","inLanguage":"ca-ES","@id":"https:\/\/raed.academy\/ca\/#\/schema\/logo\/image\/","url":"https:\/\/raed.academy\/wp-content\/uploads\/2017\/01\/cropped-logo_raed.png","contentUrl":"https:\/\/raed.academy\/wp-content\/uploads\/2017\/01\/cropped-logo_raed.png","width":512,"height":512,"caption":"Real Academia Europea de Doctores"},"image":{"@id":"https:\/\/raed.academy\/ca\/#\/schema\/logo\/image\/"},"sameAs":["http:\/\/fb.me\/raed.academy","https:\/\/x.com\/raedacademy","https:\/\/www.instagram.com\/raed.academy\/","https:\/\/www.youtube.com\/channel\/UCUYQwW2KrdirNWihxMDObwg"]},{"@type":"Person","@id":"https:\/\/raed.academy\/ca\/#\/schema\/person\/5a755da80d1d979fd66ba745c8702927","name":"RAED","image":{"@type":"ImageObject","inLanguage":"ca-ES","@id":"https:\/\/secure.gravatar.com\/avatar\/19fdfdc0d67fb9c45714b703a2ac82251c4fcea3637f002ac3c9b74c0183583c?s=96&d=mm&r=g","url":"https:\/\/secure.gravatar.com\/avatar\/19fdfdc0d67fb9c45714b703a2ac82251c4fcea3637f002ac3c9b74c0183583c?s=96&d=mm&r=g","contentUrl":"https:\/\/secure.gravatar.com\/avatar\/19fdfdc0d67fb9c45714b703a2ac82251c4fcea3637f002ac3c9b74c0183583c?s=96&d=mm&r=g","caption":"RAED"}}]}},"_links":{"self":[{"href":"https:\/\/raed.academy\/ca\/wp-json\/wp\/v2\/posts\/102158","targetHints":{"allow":["GET"]}}],"collection":[{"href":"https:\/\/raed.academy\/ca\/wp-json\/wp\/v2\/posts"}],"about":[{"href":"https:\/\/raed.academy\/ca\/wp-json\/wp\/v2\/types\/post"}],"author":[{"embeddable":true,"href":"https:\/\/raed.academy\/ca\/wp-json\/wp\/v2\/users\/12"}],"replies":[{"embeddable":true,"href":"https:\/\/raed.academy\/ca\/wp-json\/wp\/v2\/comments?post=102158"}],"version-history":[{"count":0,"href":"https:\/\/raed.academy\/ca\/wp-json\/wp\/v2\/posts\/102158\/revisions"}],"wp:featuredmedia":[{"embeddable":true,"href":"https:\/\/raed.academy\/ca\/wp-json\/wp\/v2\/media\/102155"}],"wp:attachment":[{"href":"https:\/\/raed.academy\/ca\/wp-json\/wp\/v2\/media?parent=102158"}],"wp:term":[{"taxonomy":"category","embeddable":true,"href":"https:\/\/raed.academy\/ca\/wp-json\/wp\/v2\/categories?post=102158"},{"taxonomy":"post_tag","embeddable":true,"href":"https:\/\/raed.academy\/ca\/wp-json\/wp\/v2\/tags?post=102158"}],"curies":[{"name":"wp","href":"https:\/\/api.w.org\/{rel}","templated":true}]}}