{"id":102083,"date":"2021-04-23T08:07:02","date_gmt":"2021-04-23T08:07:02","guid":{"rendered":"https:\/\/raed.academy\/?p=102083"},"modified":"2021-04-25T10:56:59","modified_gmt":"2021-04-25T10:56:59","slug":"la-proteccio-de-la-infantesa-i-la-joventut-desfavorida-davant-de-la-covid","status":"publish","type":"post","link":"https:\/\/raed.academy\/ca\/la-proteccio-de-la-infantesa-i-la-joventut-desfavorida-davant-de-la-covid\/","title":{"rendered":"La protecci\u00f3 de la infantesa i la joventut desfavorida davant de la Covid"},"content":{"rendered":"<p><a href=\"https:\/\/raed.academy\/ca\/academics\/dra-maria-dels-angels-calvo-torras\/\" target=\"_blank\" rel=\"noopener\"><strong><em>Maria \u00c0ngels Calvo<\/em><\/strong><\/a><br \/>\n<em>Catedr\u00e0tica de la Facultat de Veterin\u00e0ria de la Universitat Aut\u00f2noma de Barcelona; acad\u00e8mica de n\u00famero de la Reial Acad\u00e8mia de Medicina de Catalunya, de la Reial Acad\u00e8mia de Farm\u00e0cia de Catalunya, de l&#8217;Acad\u00e8mia de Ci\u00e8ncies Veterin\u00e0ries de Catalunya, de la Reial Acad\u00e8mia de Doctors d&#8217;Espanya i acad\u00e8mica de n\u00famero i vice-presidenta de la Reial Acad\u00e8mia Europea de Doctors-Barcelona 1914 (RAED)<\/em><\/p>\n<p><a href=\"https:\/\/raed.academy\/ca\/academics\/dr-jose-ramon-calvo-fernandez\/\" target=\"_blank\" rel=\"noopener\"><strong><em>Jos\u00e9 Ram\u00f3n Calvo<\/em><\/strong><\/a><br \/>\n<em>Assessor estrat\u00e8gic del Barcelona Supercomputing Center-Centre Nacional de Supercomputaci\u00f3 i acad\u00e8mic de n\u00famero i president de l&#8217;Institut de Relacions Internacionals de la Reial Acad\u00e8mia Europea de Doctors-Barcelona 1914 (RAED)<\/em><\/p>\n<p><a href=\"https:\/\/raed.academy\/ca\/academics\/dr-albert-bosch-navarro\/\" target=\"_blank\" rel=\"noopener\"><strong><em>Albert Bosch<\/em><\/strong><\/a><br \/>\n<em>Catedr\u00e0tic de la Facultat de Biologia de la Universitat de Barcelona, \u200b\u200bpresident de la Societat Espanyola de Virologia, del Grup de Virus Ent\u00e8rics de Catalunya i de la Societat Internacional de Virologia Aliment\u00e0ria i Mediambiental i acad\u00e8mic de n\u00famero de la Reial Acad\u00e8mia Europea de Doctors-Barcelona 1914 (RAED)<\/em><\/p>\n<p><a href=\"https:\/\/raed.academy\/ca\/academics\/dr-joaquin-callabed-carracedo\/\" target=\"_blank\" rel=\"noopener\"><strong><em>Joaqu\u00edn Callabed<\/em><\/strong><\/a><br \/>\n<em>President del Club de Pediatria Social, acad\u00e8mic corresponent de la Reial Acad\u00e8mia de Medicina de Saragossa, de la Reial Acad\u00e8mia de Medicina de Catalunya i de la Reial Acad\u00e8mia de Nobles i Belles Arts de Sant Llu\u00eds i acad\u00e8mic de n\u00famero de la Reial Acad\u00e8mia Europea de Doctors -Barcelona 1914 (RAED)<\/em><\/p>\n<p><a href=\"https:\/\/raed.academy\/ca\/academics\/dra-maria-dels-angels-calvo-torras\/\" target=\"_blank\" rel=\"noopener\"><strong><em>Maria \u00c0ngels Calvo<\/em><\/strong><\/a>, catedr\u00e0tica de la Facultat de Veterin\u00e0ria de la <strong>Universitat Aut\u00f2noma de Barcelona<\/strong> i acad\u00e8mica de n\u00famero i vice-presidenta de la <strong>Reial Acad\u00e8mia Europea de Doctors-Barcelona 1914<\/strong> (RAED); <a href=\"https:\/\/raed.academy\/ca\/academics\/dr-jose-ramon-calvo-fernandez\/\" target=\"_blank\" rel=\"noopener\"><strong><em>Jos\u00e9 Ram\u00f3n Calvo<\/em><\/strong><\/a>, acad\u00e8mic de n\u00famero i president de l&#8217;<strong>Institut de Relacions Internacionals<\/strong> de la RAED; <a href=\"https:\/\/raed.academy\/ca\/academics\/dr-albert-bosch-navarro\/\" target=\"_blank\" rel=\"noopener\"><strong>Albert Bosch<\/strong><\/a>, catedr\u00e0tic de la Facultat de Biologia de la <strong>Universitat de Barcelona<\/strong>, \u200b\u200bpresident de la <strong>Societat Espanyola de Virologia<\/strong> i acad\u00e8mic de n\u00famero de la RAED, i <a href=\"https:\/\/raed.academy\/ca\/academics\/dr-joaquin-callabed-carracedo\/\" target=\"_blank\" rel=\"noopener\"><strong><em>Joaqu\u00edn Callabed<\/em><\/strong><\/a>, president del <strong>Club de Pediatria Social<\/strong> i acad\u00e8mic de n\u00famero i vice-president de la <strong>Secci\u00f3 de Ci\u00e8ncies de la Salut<\/strong> de la RAED, van participar el passat 14 d&#8217;abril a la <strong>VII Jornada d&#8217;Estudi<\/strong> que la <a href=\"https:\/\/fcmb.org\/index.php\/ca\/\" target=\"_blank\" rel=\"noopener\"><strong>Fundaci\u00f3 Casa de Miseric\u00f2rdia de Barcelona<\/strong><\/a> va dedicar a <a href=\"https:\/\/fcmb.org\/index.php\/ca\/jornades\/item\/322-jornada-l-impacte-del-covid-19-a-la-infantesa-i-a-la-joventud\" target=\"_blank\" rel=\"noopener\"><strong>&#8220;L&#8217;impacte de la Covid a la nostra inf\u00e0ncia i joventut. Perspectives de futur&#8221;<\/strong><\/a>. L&#8217;acte es va celebrar a la seu de <strong>Foment del Treball Nacional<\/strong> de Barcelona, \u200b\u200bseu de la Reial Acad\u00e8mia, i es va poder seguir mitjan\u00e7ant el canal de <strong>YouTube<\/strong> de la Fundaci\u00f3, on roman per a la seva visualitzaci\u00f3. L&#8217;activitat va comptar amb el patrocini de la <a href=\"http:\/\/www.fiamc.org\/\" target=\"_blank\" rel=\"noopener\"><strong>Federaci\u00f3 Internacional d&#8217;Associacions M\u00e8diques Cat\u00f2liques<\/strong><\/a>.<\/p>\n<p><a href=\"https:\/\/raed.academy\/ca\/academics\/dra-maria-dels-angels-calvo-torras\/\" target=\"_blank\" rel=\"noopener\"><strong><em>Maria \u00c0ngels Calvo<\/em><\/strong><\/a>, que va participar en la taula dedicada a l&#8217;educaci\u00f3 i les dificultats d&#8217;aprenentatge en aquests temps de pand\u00e8mia, va destacar la bretxa digital que es va obrir entre els estudiants amb menys recursos. Segons les dades que va esgrimir, m\u00e9s de la meitat dels centres educatius espanyols no estaven preparats per afrontar les classes de forma telem\u00e0tica i al voltant de 1.600 milions d&#8217;estudiants a tot el m\u00f3n es van quedar sense poder assistir a classe a causa de la Covid-19. &#8220;L&#8217;educaci\u00f3 t\u00e9 el repte \u00e8tic i t\u00e8cnic de tenir en compte la diversitat i la complexitat. Hem de ser capa\u00e7os d&#8217;assolir nivells de qualitat i aconseguir detectar i afavorir el talent diferenciat i la pand\u00e8mia ha plantejat un repte important per seguir endavant. Hem apr\u00e8s molt aquest any&#8221;, va assenyalar.<\/p>\n<p>Per la seva banda, <a href=\"https:\/\/raed.academy\/ca\/academics\/dr-jose-ramon-calvo-fernandez\/\" target=\"_blank\" rel=\"noopener\"><strong><em>Jos\u00e9 Ram\u00f3n Calvo<\/em><\/strong><\/a>, va analitzar l&#8217;abast de la pand\u00e8mia i, entre les seves causes, es va referir al factor de la crisi clim\u00e0tica, que segons nombrosos estudis ajuda a la transmissi\u00f3 de virus i malalties com ara la Covid-19 per l&#8217;alteraci\u00f3 dels ecosistemes naturals. &#8220;El canvi clim\u00e0tic afavoreix les pand\u00e8mies perqu\u00e8 crea condicions ambientals favorables per als vectors de malalties. La p\u00e8rdua de la biodiversitat, a m\u00e9s, actua com a catalitzador per a l&#8217;expansi\u00f3 de virus i les malalties infeccioses&#8221;, va remarcar.<\/p>\n<p><a href=\"https:\/\/raed.academy\/ca\/academics\/dr-joaquin-callabed-carracedo\/\" target=\"_blank\" rel=\"noopener\"><strong>Callabed<\/strong><\/a>, a una taula que va analitzar els efectes de la Covid-19 des d&#8217;una mirada transversal, va destacar el poc preparada que estava la societat i, en particular, la medicina actual, per lluitar contra una pand\u00e8mia global. &#8220;La pand\u00e8mia ha deixat al descobert importants d\u00e8ficits estructurals, assistencials i de gesti\u00f3 en molts casos. A l&#8217;\u00e0mbit sanitari i econ\u00f2mic els resultats han estat molt dolents. Caldr\u00e0 buscar solucions noves&#8221;, va alertar.<\/p>\n<p><a href=\"https:\/\/raed.academy\/ca\/academics\/dr-albert-bosch-navarro\/\" target=\"_blank\" rel=\"noopener\"><strong>Bosch<\/strong><\/a>, per la seva banda, va presentar els seus estudis pioners sobre la detecci\u00f3 del coronavirus SARS-CoV-2, que provoca la Covid, a les aig\u00fces residuals de Barcelona, \u200b\u200bque s&#8217;han revelat essencials en el control de la pand\u00e8mia i la seva evoluci\u00f3. &#8220;Amb l&#8217;an\u00e0lisi de les plantes de tractament vam poder determinar la pres\u00e8ncia i incid\u00e8ncia de virus sobre una poblaci\u00f3 de milions de persones, avan\u00e7ant-nos significativament als diagn\u00f2stics cl\u00ednics&#8221;, va explicar.<\/p>\n<p>La jornada va estar liderada per <strong>Juan Jos\u00e9 Omella<\/strong>, president de la <strong>Confer\u00e8ncia Episcopal Espanyola<\/strong>, i <strong>Josep Maria Genesc\u00e0<\/strong>, president de la <a href=\"https:\/\/fcmb.org\/index.php\/ca\/\" target=\"_blank\" rel=\"noopener\"><strong>Fundaci\u00f3 Casa de Miseric\u00f2rdia de Barcelona<\/strong><\/a>, que va presentar l&#8217;esdeveniment al costat de <strong>Josep Maria Simon<\/strong>, president d&#8217;honor de la Federaci\u00f3 Internacional d&#8217;Associacions M\u00e8diques Cat\u00f2liques. Tamb\u00e9 hi van participar com a conferenciants, al costat dels acad\u00e8mics de la RAED, <strong>Bernard Ars<\/strong>, president de la Federaci\u00f3 Internacional d&#8217;Associacions M\u00e8diques Cat\u00f2liques; <strong>Ermanno Pavesi<\/strong>, psiquiatre; <strong>M\u00edriam D\u00edez<\/strong>, periodista i directiva del portal especialitzat <strong>Aleteia<\/strong>; <strong>Francesc Xavier Buqueras<\/strong>, psiquiatre; <strong>Manuel Cruz<\/strong>, catedr\u00e0tic de Pediatria; <strong>Adalbert Marqu\u00e8s<\/strong>, president de l&#8217;associaci\u00f3 <strong>Metges Cristians de Catalunya<\/strong>, i <strong>Rafael Rodr\u00edguez-Ponga<\/strong>, rector de la <strong>Universitat Abat Oliba<\/strong>, qui va oferir la confer\u00e8ncia de clausura.<\/p>\n<p>&nbsp;<\/p>\n<h2>V\u00eddeo de la sessi\u00f3<\/h2>\n<p><iframe loading=\"lazy\" title=\"YouTube video player\" src=\"https:\/\/www.youtube.com\/embed\/GaNpaeFJRk4\" width=\"1168\" height=\"637\" frameborder=\"0\" allowfullscreen=\"allowfullscreen\"><\/iframe><\/p>\n","protected":false},"excerpt":{"rendered":"<p>Sessi\u00f3 de la Fundaci\u00f3 Casa de Miseric\u00f2rdia de Barcelona: &#8220;L&#8217;impacte de la Covid en la nostra inf\u00e0ncia i joventut. Perspectives de futur&#8221;<\/p>\n","protected":false},"author":12,"featured_media":102144,"comment_status":"closed","ping_status":"closed","sticky":false,"template":"","format":"standard","meta":{"_et_pb_use_builder":"","_et_pb_old_content":"","_et_gb_content_width":"","footnotes":""},"categories":[268,275,273],"tags":[],"class_list":["post-102083","post","type-post","status-publish","format-standard","has-post-thumbnail","hentry","category-coronavirus-des-del-coneixement","category-educacio-etica-i-valors","category-salut","et-has-post-format-content","et_post_format-et-post-format-standard"],"yoast_head":"<!-- This site is optimized with the Yoast SEO plugin v27.4 - https:\/\/yoast.com\/product\/yoast-seo-wordpress\/ -->\n<title>La protecci\u00f3 de la infantesa i la joventut desfavorida davant de la Covid - Reial Acad\u00e8mia Europea de Doctors<\/title>\n<meta name=\"description\" content=\"Sessi\u00f3 de la Fundaci\u00f3 Casa de Miseric\u00f2rdia de Barcelona: &quot;L&#039;impacte de la Covid en la nostra inf\u00e0ncia i joventut. Perspectives de futur&quot;\" \/>\n<meta name=\"robots\" content=\"index, follow, max-snippet:-1, max-image-preview:large, max-video-preview:-1\" \/>\n<link rel=\"canonical\" href=\"https:\/\/raed.academy\/ca\/la-proteccio-de-la-infantesa-i-la-joventut-desfavorida-davant-de-la-covid\/\" \/>\n<meta property=\"og:locale\" content=\"ca_ES\" \/>\n<meta property=\"og:type\" content=\"article\" \/>\n<meta property=\"og:title\" content=\"La protecci\u00f3 de la infantesa i la joventut desfavorida davant de la Covid - Reial Acad\u00e8mia Europea de Doctors\" \/>\n<meta property=\"og:description\" content=\"Sessi\u00f3 de la Fundaci\u00f3 Casa de Miseric\u00f2rdia de Barcelona: &quot;L&#039;impacte de la Covid en la nostra inf\u00e0ncia i joventut. Perspectives de futur&quot;\" \/>\n<meta property=\"og:url\" content=\"https:\/\/raed.academy\/ca\/la-proteccio-de-la-infantesa-i-la-joventut-desfavorida-davant-de-la-covid\/\" \/>\n<meta property=\"og:site_name\" content=\"Reial Acad\u00e8mia Europea de Doctors\" \/>\n<meta property=\"article:publisher\" content=\"http:\/\/fb.me\/raed.academy\" \/>\n<meta property=\"article:published_time\" content=\"2021-04-23T08:07:02+00:00\" \/>\n<meta property=\"article:modified_time\" content=\"2021-04-25T10:56:59+00:00\" \/>\n<meta property=\"og:image\" content=\"https:\/\/raed.academy\/wp-content\/uploads\/2021\/04\/juventud-y-covid-coronavirus-jovenes-dst.jpg\" \/>\n\t<meta property=\"og:image:width\" content=\"400\" \/>\n\t<meta property=\"og:image:height\" content=\"240\" \/>\n\t<meta property=\"og:image:type\" content=\"image\/jpeg\" \/>\n<meta name=\"author\" content=\"RAED\" \/>\n<meta name=\"twitter:card\" content=\"summary_large_image\" \/>\n<meta name=\"twitter:creator\" content=\"@raedacademy\" \/>\n<meta name=\"twitter:site\" content=\"@raedacademy\" \/>\n<meta name=\"twitter:label1\" content=\"Written by\" \/>\n\t<meta name=\"twitter:data1\" content=\"RAED\" \/>\n\t<meta name=\"twitter:label2\" content=\"Est. reading time\" \/>\n\t<meta name=\"twitter:data2\" content=\"4 minutes\" \/>\n<script type=\"application\/ld+json\" class=\"yoast-schema-graph\">{\"@context\":\"https:\\\/\\\/schema.org\",\"@graph\":[{\"@type\":\"Article\",\"@id\":\"https:\\\/\\\/raed.academy\\\/ca\\\/la-proteccio-de-la-infantesa-i-la-joventut-desfavorida-davant-de-la-covid\\\/#article\",\"isPartOf\":{\"@id\":\"https:\\\/\\\/raed.academy\\\/ca\\\/la-proteccio-de-la-infantesa-i-la-joventut-desfavorida-davant-de-la-covid\\\/\"},\"author\":{\"name\":\"RAED\",\"@id\":\"https:\\\/\\\/raed.academy\\\/ca\\\/#\\\/schema\\\/person\\\/5a755da80d1d979fd66ba745c8702927\"},\"headline\":\"La protecci\u00f3 de la infantesa i la joventut desfavorida davant de la Covid\",\"datePublished\":\"2021-04-23T08:07:02+00:00\",\"dateModified\":\"2021-04-25T10:56:59+00:00\",\"mainEntityOfPage\":{\"@id\":\"https:\\\/\\\/raed.academy\\\/ca\\\/la-proteccio-de-la-infantesa-i-la-joventut-desfavorida-davant-de-la-covid\\\/\"},\"wordCount\":998,\"publisher\":{\"@id\":\"https:\\\/\\\/raed.academy\\\/ca\\\/#organization\"},\"image\":{\"@id\":\"https:\\\/\\\/raed.academy\\\/ca\\\/la-proteccio-de-la-infantesa-i-la-joventut-desfavorida-davant-de-la-covid\\\/#primaryimage\"},\"thumbnailUrl\":\"https:\\\/\\\/raed.academy\\\/wp-content\\\/uploads\\\/2021\\\/04\\\/juventud-y-covid-coronavirus-jovenes-dst.jpg\",\"articleSection\":[\"Coronavirus des del coneixement\",\"Educaci\u00f3, \u00e8tica i valors\",\"Salut\"],\"inLanguage\":\"ca-ES\"},{\"@type\":\"WebPage\",\"@id\":\"https:\\\/\\\/raed.academy\\\/ca\\\/la-proteccio-de-la-infantesa-i-la-joventut-desfavorida-davant-de-la-covid\\\/\",\"url\":\"https:\\\/\\\/raed.academy\\\/ca\\\/la-proteccio-de-la-infantesa-i-la-joventut-desfavorida-davant-de-la-covid\\\/\",\"name\":\"La protecci\u00f3 de la infantesa i la joventut desfavorida davant de la Covid - Reial Acad\u00e8mia Europea de Doctors\",\"isPartOf\":{\"@id\":\"https:\\\/\\\/raed.academy\\\/ca\\\/#website\"},\"primaryImageOfPage\":{\"@id\":\"https:\\\/\\\/raed.academy\\\/ca\\\/la-proteccio-de-la-infantesa-i-la-joventut-desfavorida-davant-de-la-covid\\\/#primaryimage\"},\"image\":{\"@id\":\"https:\\\/\\\/raed.academy\\\/ca\\\/la-proteccio-de-la-infantesa-i-la-joventut-desfavorida-davant-de-la-covid\\\/#primaryimage\"},\"thumbnailUrl\":\"https:\\\/\\\/raed.academy\\\/wp-content\\\/uploads\\\/2021\\\/04\\\/juventud-y-covid-coronavirus-jovenes-dst.jpg\",\"datePublished\":\"2021-04-23T08:07:02+00:00\",\"dateModified\":\"2021-04-25T10:56:59+00:00\",\"description\":\"Sessi\u00f3 de la Fundaci\u00f3 Casa de Miseric\u00f2rdia de Barcelona: \\\"L'impacte de la Covid en la nostra inf\u00e0ncia i joventut. Perspectives de futur\\\"\",\"breadcrumb\":{\"@id\":\"https:\\\/\\\/raed.academy\\\/ca\\\/la-proteccio-de-la-infantesa-i-la-joventut-desfavorida-davant-de-la-covid\\\/#breadcrumb\"},\"inLanguage\":\"ca-ES\",\"potentialAction\":[{\"@type\":\"ReadAction\",\"target\":[\"https:\\\/\\\/raed.academy\\\/ca\\\/la-proteccio-de-la-infantesa-i-la-joventut-desfavorida-davant-de-la-covid\\\/\"]}]},{\"@type\":\"ImageObject\",\"inLanguage\":\"ca-ES\",\"@id\":\"https:\\\/\\\/raed.academy\\\/ca\\\/la-proteccio-de-la-infantesa-i-la-joventut-desfavorida-davant-de-la-covid\\\/#primaryimage\",\"url\":\"https:\\\/\\\/raed.academy\\\/wp-content\\\/uploads\\\/2021\\\/04\\\/juventud-y-covid-coronavirus-jovenes-dst.jpg\",\"contentUrl\":\"https:\\\/\\\/raed.academy\\\/wp-content\\\/uploads\\\/2021\\\/04\\\/juventud-y-covid-coronavirus-jovenes-dst.jpg\",\"width\":400,\"height\":240},{\"@type\":\"BreadcrumbList\",\"@id\":\"https:\\\/\\\/raed.academy\\\/ca\\\/la-proteccio-de-la-infantesa-i-la-joventut-desfavorida-davant-de-la-covid\\\/#breadcrumb\",\"itemListElement\":[{\"@type\":\"ListItem\",\"position\":1,\"name\":\"Inicio\",\"item\":\"https:\\\/\\\/raed.academy\\\/ca\\\/\"},{\"@type\":\"ListItem\",\"position\":2,\"name\":\"La protecci\u00f3 de la infantesa i la joventut desfavorida davant de la Covid\"}]},{\"@type\":\"WebSite\",\"@id\":\"https:\\\/\\\/raed.academy\\\/ca\\\/#website\",\"url\":\"https:\\\/\\\/raed.academy\\\/ca\\\/\",\"name\":\"Reial Acad\u00e8mia Europea de Doctors\",\"description\":\"Corporaci\u00f3n de derecho p\u00fablico de car\u00e1cter cient\u00edfico, t\u00e9cnico y art\u00edstico, que tiene por objeto la investigaci\u00f3n, el estudio, el fomento y la extensi\u00f3n del conocimiento en su sentido m\u00e1s amplio\",\"publisher\":{\"@id\":\"https:\\\/\\\/raed.academy\\\/ca\\\/#organization\"},\"potentialAction\":[{\"@type\":\"SearchAction\",\"target\":{\"@type\":\"EntryPoint\",\"urlTemplate\":\"https:\\\/\\\/raed.academy\\\/ca\\\/?s={search_term_string}\"},\"query-input\":{\"@type\":\"PropertyValueSpecification\",\"valueRequired\":true,\"valueName\":\"search_term_string\"}}],\"inLanguage\":\"ca-ES\"},{\"@type\":\"Organization\",\"@id\":\"https:\\\/\\\/raed.academy\\\/ca\\\/#organization\",\"name\":\"Real Academia Europea de Doctores\",\"url\":\"https:\\\/\\\/raed.academy\\\/ca\\\/\",\"logo\":{\"@type\":\"ImageObject\",\"inLanguage\":\"ca-ES\",\"@id\":\"https:\\\/\\\/raed.academy\\\/ca\\\/#\\\/schema\\\/logo\\\/image\\\/\",\"url\":\"https:\\\/\\\/raed.academy\\\/wp-content\\\/uploads\\\/2017\\\/01\\\/cropped-logo_raed.png\",\"contentUrl\":\"https:\\\/\\\/raed.academy\\\/wp-content\\\/uploads\\\/2017\\\/01\\\/cropped-logo_raed.png\",\"width\":512,\"height\":512,\"caption\":\"Real Academia Europea de Doctores\"},\"image\":{\"@id\":\"https:\\\/\\\/raed.academy\\\/ca\\\/#\\\/schema\\\/logo\\\/image\\\/\"},\"sameAs\":[\"http:\\\/\\\/fb.me\\\/raed.academy\",\"https:\\\/\\\/x.com\\\/raedacademy\",\"https:\\\/\\\/www.instagram.com\\\/raed.academy\\\/\",\"https:\\\/\\\/www.youtube.com\\\/channel\\\/UCUYQwW2KrdirNWihxMDObwg\"]},{\"@type\":\"Person\",\"@id\":\"https:\\\/\\\/raed.academy\\\/ca\\\/#\\\/schema\\\/person\\\/5a755da80d1d979fd66ba745c8702927\",\"name\":\"RAED\",\"image\":{\"@type\":\"ImageObject\",\"inLanguage\":\"ca-ES\",\"@id\":\"https:\\\/\\\/secure.gravatar.com\\\/avatar\\\/19fdfdc0d67fb9c45714b703a2ac82251c4fcea3637f002ac3c9b74c0183583c?s=96&d=mm&r=g\",\"url\":\"https:\\\/\\\/secure.gravatar.com\\\/avatar\\\/19fdfdc0d67fb9c45714b703a2ac82251c4fcea3637f002ac3c9b74c0183583c?s=96&d=mm&r=g\",\"contentUrl\":\"https:\\\/\\\/secure.gravatar.com\\\/avatar\\\/19fdfdc0d67fb9c45714b703a2ac82251c4fcea3637f002ac3c9b74c0183583c?s=96&d=mm&r=g\",\"caption\":\"RAED\"}}]}<\/script>\n<!-- \/ Yoast SEO plugin. -->","yoast_head_json":{"title":"La protecci\u00f3 de la infantesa i la joventut desfavorida davant de la Covid - Reial Acad\u00e8mia Europea de Doctors","description":"Sessi\u00f3 de la Fundaci\u00f3 Casa de Miseric\u00f2rdia de Barcelona: \"L'impacte de la Covid en la nostra inf\u00e0ncia i joventut. Perspectives de futur\"","robots":{"index":"index","follow":"follow","max-snippet":"max-snippet:-1","max-image-preview":"max-image-preview:large","max-video-preview":"max-video-preview:-1"},"canonical":"https:\/\/raed.academy\/ca\/la-proteccio-de-la-infantesa-i-la-joventut-desfavorida-davant-de-la-covid\/","og_locale":"ca_ES","og_type":"article","og_title":"La protecci\u00f3 de la infantesa i la joventut desfavorida davant de la Covid - Reial Acad\u00e8mia Europea de Doctors","og_description":"Sessi\u00f3 de la Fundaci\u00f3 Casa de Miseric\u00f2rdia de Barcelona: \"L'impacte de la Covid en la nostra inf\u00e0ncia i joventut. Perspectives de futur\"","og_url":"https:\/\/raed.academy\/ca\/la-proteccio-de-la-infantesa-i-la-joventut-desfavorida-davant-de-la-covid\/","og_site_name":"Reial Acad\u00e8mia Europea de Doctors","article_publisher":"http:\/\/fb.me\/raed.academy","article_published_time":"2021-04-23T08:07:02+00:00","article_modified_time":"2021-04-25T10:56:59+00:00","og_image":[{"width":400,"height":240,"url":"https:\/\/raed.academy\/wp-content\/uploads\/2021\/04\/juventud-y-covid-coronavirus-jovenes-dst.jpg","type":"image\/jpeg"}],"author":"RAED","twitter_card":"summary_large_image","twitter_creator":"@raedacademy","twitter_site":"@raedacademy","twitter_misc":{"Written by":"RAED","Est. reading time":"4 minutes"},"schema":{"@context":"https:\/\/schema.org","@graph":[{"@type":"Article","@id":"https:\/\/raed.academy\/ca\/la-proteccio-de-la-infantesa-i-la-joventut-desfavorida-davant-de-la-covid\/#article","isPartOf":{"@id":"https:\/\/raed.academy\/ca\/la-proteccio-de-la-infantesa-i-la-joventut-desfavorida-davant-de-la-covid\/"},"author":{"name":"RAED","@id":"https:\/\/raed.academy\/ca\/#\/schema\/person\/5a755da80d1d979fd66ba745c8702927"},"headline":"La protecci\u00f3 de la infantesa i la joventut desfavorida davant de la Covid","datePublished":"2021-04-23T08:07:02+00:00","dateModified":"2021-04-25T10:56:59+00:00","mainEntityOfPage":{"@id":"https:\/\/raed.academy\/ca\/la-proteccio-de-la-infantesa-i-la-joventut-desfavorida-davant-de-la-covid\/"},"wordCount":998,"publisher":{"@id":"https:\/\/raed.academy\/ca\/#organization"},"image":{"@id":"https:\/\/raed.academy\/ca\/la-proteccio-de-la-infantesa-i-la-joventut-desfavorida-davant-de-la-covid\/#primaryimage"},"thumbnailUrl":"https:\/\/raed.academy\/wp-content\/uploads\/2021\/04\/juventud-y-covid-coronavirus-jovenes-dst.jpg","articleSection":["Coronavirus des del coneixement","Educaci\u00f3, \u00e8tica i valors","Salut"],"inLanguage":"ca-ES"},{"@type":"WebPage","@id":"https:\/\/raed.academy\/ca\/la-proteccio-de-la-infantesa-i-la-joventut-desfavorida-davant-de-la-covid\/","url":"https:\/\/raed.academy\/ca\/la-proteccio-de-la-infantesa-i-la-joventut-desfavorida-davant-de-la-covid\/","name":"La protecci\u00f3 de la infantesa i la joventut desfavorida davant de la Covid - Reial Acad\u00e8mia Europea de Doctors","isPartOf":{"@id":"https:\/\/raed.academy\/ca\/#website"},"primaryImageOfPage":{"@id":"https:\/\/raed.academy\/ca\/la-proteccio-de-la-infantesa-i-la-joventut-desfavorida-davant-de-la-covid\/#primaryimage"},"image":{"@id":"https:\/\/raed.academy\/ca\/la-proteccio-de-la-infantesa-i-la-joventut-desfavorida-davant-de-la-covid\/#primaryimage"},"thumbnailUrl":"https:\/\/raed.academy\/wp-content\/uploads\/2021\/04\/juventud-y-covid-coronavirus-jovenes-dst.jpg","datePublished":"2021-04-23T08:07:02+00:00","dateModified":"2021-04-25T10:56:59+00:00","description":"Sessi\u00f3 de la Fundaci\u00f3 Casa de Miseric\u00f2rdia de Barcelona: \"L'impacte de la Covid en la nostra inf\u00e0ncia i joventut. Perspectives de futur\"","breadcrumb":{"@id":"https:\/\/raed.academy\/ca\/la-proteccio-de-la-infantesa-i-la-joventut-desfavorida-davant-de-la-covid\/#breadcrumb"},"inLanguage":"ca-ES","potentialAction":[{"@type":"ReadAction","target":["https:\/\/raed.academy\/ca\/la-proteccio-de-la-infantesa-i-la-joventut-desfavorida-davant-de-la-covid\/"]}]},{"@type":"ImageObject","inLanguage":"ca-ES","@id":"https:\/\/raed.academy\/ca\/la-proteccio-de-la-infantesa-i-la-joventut-desfavorida-davant-de-la-covid\/#primaryimage","url":"https:\/\/raed.academy\/wp-content\/uploads\/2021\/04\/juventud-y-covid-coronavirus-jovenes-dst.jpg","contentUrl":"https:\/\/raed.academy\/wp-content\/uploads\/2021\/04\/juventud-y-covid-coronavirus-jovenes-dst.jpg","width":400,"height":240},{"@type":"BreadcrumbList","@id":"https:\/\/raed.academy\/ca\/la-proteccio-de-la-infantesa-i-la-joventut-desfavorida-davant-de-la-covid\/#breadcrumb","itemListElement":[{"@type":"ListItem","position":1,"name":"Inicio","item":"https:\/\/raed.academy\/ca\/"},{"@type":"ListItem","position":2,"name":"La protecci\u00f3 de la infantesa i la joventut desfavorida davant de la Covid"}]},{"@type":"WebSite","@id":"https:\/\/raed.academy\/ca\/#website","url":"https:\/\/raed.academy\/ca\/","name":"Reial Acad\u00e8mia Europea de Doctors","description":"Corporaci\u00f3n de derecho p\u00fablico de car\u00e1cter cient\u00edfico, t\u00e9cnico y art\u00edstico, que tiene por objeto la investigaci\u00f3n, el estudio, el fomento y la extensi\u00f3n del conocimiento en su sentido m\u00e1s amplio","publisher":{"@id":"https:\/\/raed.academy\/ca\/#organization"},"potentialAction":[{"@type":"SearchAction","target":{"@type":"EntryPoint","urlTemplate":"https:\/\/raed.academy\/ca\/?s={search_term_string}"},"query-input":{"@type":"PropertyValueSpecification","valueRequired":true,"valueName":"search_term_string"}}],"inLanguage":"ca-ES"},{"@type":"Organization","@id":"https:\/\/raed.academy\/ca\/#organization","name":"Real Academia Europea de Doctores","url":"https:\/\/raed.academy\/ca\/","logo":{"@type":"ImageObject","inLanguage":"ca-ES","@id":"https:\/\/raed.academy\/ca\/#\/schema\/logo\/image\/","url":"https:\/\/raed.academy\/wp-content\/uploads\/2017\/01\/cropped-logo_raed.png","contentUrl":"https:\/\/raed.academy\/wp-content\/uploads\/2017\/01\/cropped-logo_raed.png","width":512,"height":512,"caption":"Real Academia Europea de Doctores"},"image":{"@id":"https:\/\/raed.academy\/ca\/#\/schema\/logo\/image\/"},"sameAs":["http:\/\/fb.me\/raed.academy","https:\/\/x.com\/raedacademy","https:\/\/www.instagram.com\/raed.academy\/","https:\/\/www.youtube.com\/channel\/UCUYQwW2KrdirNWihxMDObwg"]},{"@type":"Person","@id":"https:\/\/raed.academy\/ca\/#\/schema\/person\/5a755da80d1d979fd66ba745c8702927","name":"RAED","image":{"@type":"ImageObject","inLanguage":"ca-ES","@id":"https:\/\/secure.gravatar.com\/avatar\/19fdfdc0d67fb9c45714b703a2ac82251c4fcea3637f002ac3c9b74c0183583c?s=96&d=mm&r=g","url":"https:\/\/secure.gravatar.com\/avatar\/19fdfdc0d67fb9c45714b703a2ac82251c4fcea3637f002ac3c9b74c0183583c?s=96&d=mm&r=g","contentUrl":"https:\/\/secure.gravatar.com\/avatar\/19fdfdc0d67fb9c45714b703a2ac82251c4fcea3637f002ac3c9b74c0183583c?s=96&d=mm&r=g","caption":"RAED"}}]}},"_links":{"self":[{"href":"https:\/\/raed.academy\/ca\/wp-json\/wp\/v2\/posts\/102083","targetHints":{"allow":["GET"]}}],"collection":[{"href":"https:\/\/raed.academy\/ca\/wp-json\/wp\/v2\/posts"}],"about":[{"href":"https:\/\/raed.academy\/ca\/wp-json\/wp\/v2\/types\/post"}],"author":[{"embeddable":true,"href":"https:\/\/raed.academy\/ca\/wp-json\/wp\/v2\/users\/12"}],"replies":[{"embeddable":true,"href":"https:\/\/raed.academy\/ca\/wp-json\/wp\/v2\/comments?post=102083"}],"version-history":[{"count":0,"href":"https:\/\/raed.academy\/ca\/wp-json\/wp\/v2\/posts\/102083\/revisions"}],"wp:featuredmedia":[{"embeddable":true,"href":"https:\/\/raed.academy\/ca\/wp-json\/wp\/v2\/media\/102144"}],"wp:attachment":[{"href":"https:\/\/raed.academy\/ca\/wp-json\/wp\/v2\/media?parent=102083"}],"wp:term":[{"taxonomy":"category","embeddable":true,"href":"https:\/\/raed.academy\/ca\/wp-json\/wp\/v2\/categories?post=102083"},{"taxonomy":"post_tag","embeddable":true,"href":"https:\/\/raed.academy\/ca\/wp-json\/wp\/v2\/tags?post=102083"}],"curies":[{"name":"wp","href":"https:\/\/api.w.org\/{rel}","templated":true}]}}