{"id":101967,"date":"2021-04-16T21:30:39","date_gmt":"2021-04-16T21:30:39","guid":{"rendered":"https:\/\/raed.academy\/?p=101967"},"modified":"2021-04-17T19:05:49","modified_gmt":"2021-04-17T19:05:49","slug":"amat-demana-un-nou-pla-de-mobilitat-ambicios-pero-tambe-realista","status":"publish","type":"post","link":"https:\/\/raed.academy\/ca\/amat-demana-un-nou-pla-de-mobilitat-ambicios-pero-tambe-realista\/","title":{"rendered":"Amat demana un nou pla de mobilitat ambici\u00f3s, per\u00f2 tamb\u00e9 realista"},"content":{"rendered":"<p><a href=\"https:\/\/raed.academy\/ca\/academics\/dr-oriol-amat-salas\/\" target=\"_blank\" rel=\"noopener\"><strong><em>Oriol Amat<\/em><\/strong><\/a><br \/>\n<em>Deg\u00e0 de la Barcelona School of Management de la Universitat Pompeu Fabra, deg\u00e0 de Col\u00b7legi d&#8217;Economistes de Catalunya, vice-president de l&#8217;Associaci\u00f3 Catalana de Comptabilitat i Direcci\u00f3 i acad\u00e8mic de n\u00famero de la Reial Acad\u00e8mia Europea de Doctors-Barcelona 1914 (RAED)<\/em><\/p>\n<p><a href=\"https:\/\/raed.academy\/ca\/academics\/dr-oriol-amat-salas\/\" target=\"_blank\" rel=\"noopener\"><strong><em>Oriol Amat<\/em><\/strong><\/a>, deg\u00e0 de la <strong>Barcelona School of Management<\/strong> de la <strong>Universitat Pompeu Fabra<\/strong> i del <strong>Col\u00b7legi d&#8217;Economistes de Catalunya<\/strong> i acad\u00e8mic de n\u00famero de la <strong>Reial Acad\u00e8mia Europea de Doctors-Barcelona 1914<\/strong> (RAED), va instar al Govern a dotar i executar el nou pla de Rodalies que el secretari d&#8217;Estat d&#8217;<strong>Infraestructures, Transport i Habitatge<\/strong>, <strong>Pedro Saura<\/strong>, va presentar el passat 7 d&#8217;abril a la seu de Col\u00b7legi d&#8217;Economistes en pres\u00e8ncia del president de la patronal catalana de petita i mitjana empresa <strong>Pimec<\/strong>, <strong>Antoni Ca\u00f1ete<\/strong>, i el coordinador de <strong>Rodalies de Catalunya<\/strong>, <strong>Pere Macias<\/strong>.<\/p>\n<p>El nou <strong>Pla de Rodalies de Catalunya 2020-2030<\/strong> no nom\u00e9s ha de millorar de forma significativa la mobilitat dins i fora de l&#8217;\u00e0rea metropolitana de Barcelona, \u200b\u200bsin\u00f3 que segons les xifres que va posar sobre la taula Saura ha de crear 105.000 nous llocs de treball i aportar 7.500 milions d&#8217;euros a l&#8217;economia catalana gr\u00e0cies a unes inversions xifrades en m\u00e9s de 6.300 milions. &#8220;\u00c9s un bon pla, per\u00f2 l&#8217;important \u00e9s que es pugui executar&#8221;, va assenyalar al seu respecte Amat. Ca\u00f1ete, per la seva banda, va reclamar que el pla &#8220;compti amb el comprom\u00eds de la <strong>Generalitat<\/strong> i de l&#8217;Estat perqu\u00e8 esdevingui una realitat, perqu\u00e8 resolent els problemes de mobilitat, especialment a Rodalies, s&#8217;eliminarien moltes de les crispacions instal\u00b7lades a Catalunya&#8221;, va assegurar.<\/p>\n<p><strong><img loading=\"lazy\" decoding=\"async\" class=\"alignleft size-full wp-image-101908\" src=\"https:\/\/raed.academy\/wp-content\/uploads\/2021\/04\/Pla-de-Rodalies-dst.jpg\" sizes=\"(max-width: 600px) 100vw, 600px\" srcset=\"https:\/\/raed.academy\/wp-content\/uploads\/2021\/04\/Pla-de-Rodalies-dst.jpg 600w, https:\/\/raed.academy\/wp-content\/uploads\/2021\/04\/Pla-de-Rodalies-dst-440x264.jpg 440w\" alt=\"\" width=\"600\" height=\"360\" data-attachment-id=\"101908\" data-permalink=\"https:\/\/raed.academy\/amat-pide-un-nuevo-plan-de-movilidad-ambicioso-pero-tambien-realista\/pla-de-rodalies-dst\/\" data-orig-file=\"https:\/\/raed.academy\/wp-content\/uploads\/2021\/04\/Pla-de-Rodalies-dst.jpg\" data-orig-size=\"600,360\" data-comments-opened=\"0\" data-image-meta=\"{&quot;aperture&quot;:&quot;0&quot;,&quot;credit&quot;:&quot;&quot;,&quot;camera&quot;:&quot;&quot;,&quot;caption&quot;:&quot;&quot;,&quot;created_timestamp&quot;:&quot;0&quot;,&quot;copyright&quot;:&quot;&quot;,&quot;focal_length&quot;:&quot;0&quot;,&quot;iso&quot;:&quot;0&quot;,&quot;shutter_speed&quot;:&quot;0&quot;,&quot;title&quot;:&quot;&quot;,&quot;orientation&quot;:&quot;0&quot;}\" data-image-title=\"Pla-de-Rodalies-dst\" data-image-description=\"\" data-medium-file=\"https:\/\/raed.academy\/wp-content\/uploads\/2021\/04\/Pla-de-Rodalies-dst.jpg\" data-large-file=\"https:\/\/raed.academy\/wp-content\/uploads\/2021\/04\/Pla-de-Rodalies-dst.jpg\" \/>Saura<\/strong> va respondre als dubtes i peticions dels dos economistes catalans que les rodalies s\u00f3n una prioritat per al <strong>Govern<\/strong> de l&#8217;Estat i va destacar que l&#8217;increment de les inversions previstes als pressupostos generals de l&#8217;Estat del 2021 per aquestes partides han passat de 600 milions als 1.500 milions, fet que suposa un increment pressupostari del 160%. Macias, per la seva banda, va oferir algunes de les principals caracter\u00edstiques d&#8217;aquest projecte i va assegurar que les actuacions previstes s\u00f3n &#8220;ambicioses, per\u00f2 realitzables&#8221;. L&#8217;objectiu del pla per al 2030 \u00e9s incrementar un 58% l&#8217;oferta per atendre un increment de la demanda estimat al voltant del 46%. La iniciativa preveu la compra i renovaci\u00f3 d&#8217;un centenar de trens, millores a la xarxa, la construcci\u00f3 de deu noves estacions i la instal\u00b7laci\u00f3 de 120 nous quil\u00f2metres de vies.<\/p>\n<p>El Govern d&#8217;Espanya ha posat el focus en la mobilitat i l&#8217;habitatge, particularment en els \u00e0mbits metropolitans, per acabar amb les desigualtats socials i econ\u00f2miques que la crisi provocada per la pand\u00e8mia ha accentuat. Saura va explicar que precisament \u00e9s aix\u00f2 el que explica que les majors inversions se centrin en aquestes \u00e0rees m\u00e9s castigades, on Rodalies t\u00e9 un important factor que jugar.<\/p>\n","protected":false},"excerpt":{"rendered":"<p>Oriol Amat insta el Govern a dotar i executar el nou pla de Rodalies que Pedro Saura va presentar a la seu del Col\u00b7legi d&#8217;Economistes<\/p>\n","protected":false},"author":12,"featured_media":101909,"comment_status":"closed","ping_status":"closed","sticky":false,"template":"","format":"standard","meta":{"_et_pb_use_builder":"","_et_pb_old_content":"","_et_gb_content_width":"","footnotes":""},"categories":[268,274,304],"tags":[],"class_list":["post-101967","post","type-post","status-publish","format-standard","has-post-thumbnail","hentry","category-coronavirus-des-del-coneixement","category-economia-i-politica","category-economia-i-politica-ca","et-has-post-format-content","et_post_format-et-post-format-standard"],"yoast_head":"<!-- This site is optimized with the Yoast SEO plugin v27.4 - https:\/\/yoast.com\/product\/yoast-seo-wordpress\/ -->\n<title>Amat demana un nou pla de mobilitat ambici\u00f3s, per\u00f2 tamb\u00e9 realista - Reial Acad\u00e8mia Europea de Doctors<\/title>\n<meta name=\"description\" content=\"Oriol Amat insta el Govern a dotar i executar el nou pla de Rodalies que Pedro Saura va presentar a la seu del Col\u00b7legi d&#039;Economistes\" \/>\n<meta name=\"robots\" content=\"index, follow, max-snippet:-1, max-image-preview:large, max-video-preview:-1\" \/>\n<link rel=\"canonical\" href=\"https:\/\/raed.academy\/ca\/amat-demana-un-nou-pla-de-mobilitat-ambicios-pero-tambe-realista\/\" \/>\n<meta property=\"og:locale\" content=\"ca_ES\" \/>\n<meta property=\"og:type\" content=\"article\" \/>\n<meta property=\"og:title\" content=\"Amat demana un nou pla de mobilitat ambici\u00f3s, per\u00f2 tamb\u00e9 realista - Reial Acad\u00e8mia Europea de Doctors\" \/>\n<meta property=\"og:description\" content=\"Oriol Amat insta el Govern a dotar i executar el nou pla de Rodalies que Pedro Saura va presentar a la seu del Col\u00b7legi d&#039;Economistes\" \/>\n<meta property=\"og:url\" content=\"https:\/\/raed.academy\/ca\/amat-demana-un-nou-pla-de-mobilitat-ambicios-pero-tambe-realista\/\" \/>\n<meta property=\"og:site_name\" content=\"Reial Acad\u00e8mia Europea de Doctors\" \/>\n<meta property=\"article:publisher\" content=\"http:\/\/fb.me\/raed.academy\" \/>\n<meta property=\"article:published_time\" content=\"2021-04-16T21:30:39+00:00\" \/>\n<meta property=\"article:modified_time\" content=\"2021-04-17T19:05:49+00:00\" \/>\n<meta property=\"og:image\" content=\"https:\/\/raed.academy\/wp-content\/uploads\/2021\/04\/Pla-de-Rodalies-dst.jpg\" \/>\n\t<meta property=\"og:image:width\" content=\"600\" \/>\n\t<meta property=\"og:image:height\" content=\"360\" \/>\n\t<meta property=\"og:image:type\" content=\"image\/jpeg\" \/>\n<meta name=\"author\" content=\"RAED\" \/>\n<meta name=\"twitter:card\" content=\"summary_large_image\" \/>\n<meta name=\"twitter:creator\" content=\"@raedacademy\" \/>\n<meta name=\"twitter:site\" content=\"@raedacademy\" \/>\n<meta name=\"twitter:label1\" content=\"Written by\" \/>\n\t<meta name=\"twitter:data1\" content=\"RAED\" \/>\n\t<meta name=\"twitter:label2\" content=\"Est. reading time\" \/>\n\t<meta name=\"twitter:data2\" content=\"3 minutes\" \/>\n<script type=\"application\/ld+json\" class=\"yoast-schema-graph\">{\"@context\":\"https:\\\/\\\/schema.org\",\"@graph\":[{\"@type\":\"Article\",\"@id\":\"https:\\\/\\\/raed.academy\\\/ca\\\/amat-demana-un-nou-pla-de-mobilitat-ambicios-pero-tambe-realista\\\/#article\",\"isPartOf\":{\"@id\":\"https:\\\/\\\/raed.academy\\\/ca\\\/amat-demana-un-nou-pla-de-mobilitat-ambicios-pero-tambe-realista\\\/\"},\"author\":{\"name\":\"RAED\",\"@id\":\"https:\\\/\\\/raed.academy\\\/ca\\\/#\\\/schema\\\/person\\\/5a755da80d1d979fd66ba745c8702927\"},\"headline\":\"Amat demana un nou pla de mobilitat ambici\u00f3s, per\u00f2 tamb\u00e9 realista\",\"datePublished\":\"2021-04-16T21:30:39+00:00\",\"dateModified\":\"2021-04-17T19:05:49+00:00\",\"mainEntityOfPage\":{\"@id\":\"https:\\\/\\\/raed.academy\\\/ca\\\/amat-demana-un-nou-pla-de-mobilitat-ambicios-pero-tambe-realista\\\/\"},\"wordCount\":501,\"publisher\":{\"@id\":\"https:\\\/\\\/raed.academy\\\/ca\\\/#organization\"},\"image\":{\"@id\":\"https:\\\/\\\/raed.academy\\\/ca\\\/amat-demana-un-nou-pla-de-mobilitat-ambicios-pero-tambe-realista\\\/#primaryimage\"},\"thumbnailUrl\":\"https:\\\/\\\/raed.academy\\\/wp-content\\\/uploads\\\/2021\\\/04\\\/Pla-de-Rodalies-dst.jpg\",\"articleSection\":[\"Coronavirus des del coneixement\",\"Economia i pol\u00edtica\",\"Economia i pol\u00edtica\"],\"inLanguage\":\"ca-ES\"},{\"@type\":\"WebPage\",\"@id\":\"https:\\\/\\\/raed.academy\\\/ca\\\/amat-demana-un-nou-pla-de-mobilitat-ambicios-pero-tambe-realista\\\/\",\"url\":\"https:\\\/\\\/raed.academy\\\/ca\\\/amat-demana-un-nou-pla-de-mobilitat-ambicios-pero-tambe-realista\\\/\",\"name\":\"Amat demana un nou pla de mobilitat ambici\u00f3s, per\u00f2 tamb\u00e9 realista - Reial Acad\u00e8mia Europea de Doctors\",\"isPartOf\":{\"@id\":\"https:\\\/\\\/raed.academy\\\/ca\\\/#website\"},\"primaryImageOfPage\":{\"@id\":\"https:\\\/\\\/raed.academy\\\/ca\\\/amat-demana-un-nou-pla-de-mobilitat-ambicios-pero-tambe-realista\\\/#primaryimage\"},\"image\":{\"@id\":\"https:\\\/\\\/raed.academy\\\/ca\\\/amat-demana-un-nou-pla-de-mobilitat-ambicios-pero-tambe-realista\\\/#primaryimage\"},\"thumbnailUrl\":\"https:\\\/\\\/raed.academy\\\/wp-content\\\/uploads\\\/2021\\\/04\\\/Pla-de-Rodalies-dst.jpg\",\"datePublished\":\"2021-04-16T21:30:39+00:00\",\"dateModified\":\"2021-04-17T19:05:49+00:00\",\"description\":\"Oriol Amat insta el Govern a dotar i executar el nou pla de Rodalies que Pedro Saura va presentar a la seu del Col\u00b7legi d'Economistes\",\"breadcrumb\":{\"@id\":\"https:\\\/\\\/raed.academy\\\/ca\\\/amat-demana-un-nou-pla-de-mobilitat-ambicios-pero-tambe-realista\\\/#breadcrumb\"},\"inLanguage\":\"ca-ES\",\"potentialAction\":[{\"@type\":\"ReadAction\",\"target\":[\"https:\\\/\\\/raed.academy\\\/ca\\\/amat-demana-un-nou-pla-de-mobilitat-ambicios-pero-tambe-realista\\\/\"]}]},{\"@type\":\"ImageObject\",\"inLanguage\":\"ca-ES\",\"@id\":\"https:\\\/\\\/raed.academy\\\/ca\\\/amat-demana-un-nou-pla-de-mobilitat-ambicios-pero-tambe-realista\\\/#primaryimage\",\"url\":\"https:\\\/\\\/raed.academy\\\/wp-content\\\/uploads\\\/2021\\\/04\\\/Pla-de-Rodalies-dst.jpg\",\"contentUrl\":\"https:\\\/\\\/raed.academy\\\/wp-content\\\/uploads\\\/2021\\\/04\\\/Pla-de-Rodalies-dst.jpg\",\"width\":600,\"height\":360},{\"@type\":\"BreadcrumbList\",\"@id\":\"https:\\\/\\\/raed.academy\\\/ca\\\/amat-demana-un-nou-pla-de-mobilitat-ambicios-pero-tambe-realista\\\/#breadcrumb\",\"itemListElement\":[{\"@type\":\"ListItem\",\"position\":1,\"name\":\"Inicio\",\"item\":\"https:\\\/\\\/raed.academy\\\/ca\\\/\"},{\"@type\":\"ListItem\",\"position\":2,\"name\":\"Amat demana un nou pla de mobilitat ambici\u00f3s, per\u00f2 tamb\u00e9 realista\"}]},{\"@type\":\"WebSite\",\"@id\":\"https:\\\/\\\/raed.academy\\\/ca\\\/#website\",\"url\":\"https:\\\/\\\/raed.academy\\\/ca\\\/\",\"name\":\"Reial Acad\u00e8mia Europea de Doctors\",\"description\":\"Corporaci\u00f3n de derecho p\u00fablico de car\u00e1cter cient\u00edfico, t\u00e9cnico y art\u00edstico, que tiene por objeto la investigaci\u00f3n, el estudio, el fomento y la extensi\u00f3n del conocimiento en su sentido m\u00e1s amplio\",\"publisher\":{\"@id\":\"https:\\\/\\\/raed.academy\\\/ca\\\/#organization\"},\"potentialAction\":[{\"@type\":\"SearchAction\",\"target\":{\"@type\":\"EntryPoint\",\"urlTemplate\":\"https:\\\/\\\/raed.academy\\\/ca\\\/?s={search_term_string}\"},\"query-input\":{\"@type\":\"PropertyValueSpecification\",\"valueRequired\":true,\"valueName\":\"search_term_string\"}}],\"inLanguage\":\"ca-ES\"},{\"@type\":\"Organization\",\"@id\":\"https:\\\/\\\/raed.academy\\\/ca\\\/#organization\",\"name\":\"Real Academia Europea de Doctores\",\"url\":\"https:\\\/\\\/raed.academy\\\/ca\\\/\",\"logo\":{\"@type\":\"ImageObject\",\"inLanguage\":\"ca-ES\",\"@id\":\"https:\\\/\\\/raed.academy\\\/ca\\\/#\\\/schema\\\/logo\\\/image\\\/\",\"url\":\"https:\\\/\\\/raed.academy\\\/wp-content\\\/uploads\\\/2017\\\/01\\\/cropped-logo_raed.png\",\"contentUrl\":\"https:\\\/\\\/raed.academy\\\/wp-content\\\/uploads\\\/2017\\\/01\\\/cropped-logo_raed.png\",\"width\":512,\"height\":512,\"caption\":\"Real Academia Europea de Doctores\"},\"image\":{\"@id\":\"https:\\\/\\\/raed.academy\\\/ca\\\/#\\\/schema\\\/logo\\\/image\\\/\"},\"sameAs\":[\"http:\\\/\\\/fb.me\\\/raed.academy\",\"https:\\\/\\\/x.com\\\/raedacademy\",\"https:\\\/\\\/www.instagram.com\\\/raed.academy\\\/\",\"https:\\\/\\\/www.youtube.com\\\/channel\\\/UCUYQwW2KrdirNWihxMDObwg\"]},{\"@type\":\"Person\",\"@id\":\"https:\\\/\\\/raed.academy\\\/ca\\\/#\\\/schema\\\/person\\\/5a755da80d1d979fd66ba745c8702927\",\"name\":\"RAED\",\"image\":{\"@type\":\"ImageObject\",\"inLanguage\":\"ca-ES\",\"@id\":\"https:\\\/\\\/secure.gravatar.com\\\/avatar\\\/19fdfdc0d67fb9c45714b703a2ac82251c4fcea3637f002ac3c9b74c0183583c?s=96&d=mm&r=g\",\"url\":\"https:\\\/\\\/secure.gravatar.com\\\/avatar\\\/19fdfdc0d67fb9c45714b703a2ac82251c4fcea3637f002ac3c9b74c0183583c?s=96&d=mm&r=g\",\"contentUrl\":\"https:\\\/\\\/secure.gravatar.com\\\/avatar\\\/19fdfdc0d67fb9c45714b703a2ac82251c4fcea3637f002ac3c9b74c0183583c?s=96&d=mm&r=g\",\"caption\":\"RAED\"}}]}<\/script>\n<!-- \/ Yoast SEO plugin. -->","yoast_head_json":{"title":"Amat demana un nou pla de mobilitat ambici\u00f3s, per\u00f2 tamb\u00e9 realista - Reial Acad\u00e8mia Europea de Doctors","description":"Oriol Amat insta el Govern a dotar i executar el nou pla de Rodalies que Pedro Saura va presentar a la seu del Col\u00b7legi d'Economistes","robots":{"index":"index","follow":"follow","max-snippet":"max-snippet:-1","max-image-preview":"max-image-preview:large","max-video-preview":"max-video-preview:-1"},"canonical":"https:\/\/raed.academy\/ca\/amat-demana-un-nou-pla-de-mobilitat-ambicios-pero-tambe-realista\/","og_locale":"ca_ES","og_type":"article","og_title":"Amat demana un nou pla de mobilitat ambici\u00f3s, per\u00f2 tamb\u00e9 realista - Reial Acad\u00e8mia Europea de Doctors","og_description":"Oriol Amat insta el Govern a dotar i executar el nou pla de Rodalies que Pedro Saura va presentar a la seu del Col\u00b7legi d'Economistes","og_url":"https:\/\/raed.academy\/ca\/amat-demana-un-nou-pla-de-mobilitat-ambicios-pero-tambe-realista\/","og_site_name":"Reial Acad\u00e8mia Europea de Doctors","article_publisher":"http:\/\/fb.me\/raed.academy","article_published_time":"2021-04-16T21:30:39+00:00","article_modified_time":"2021-04-17T19:05:49+00:00","og_image":[{"width":600,"height":360,"url":"https:\/\/raed.academy\/wp-content\/uploads\/2021\/04\/Pla-de-Rodalies-dst.jpg","type":"image\/jpeg"}],"author":"RAED","twitter_card":"summary_large_image","twitter_creator":"@raedacademy","twitter_site":"@raedacademy","twitter_misc":{"Written by":"RAED","Est. reading time":"3 minutes"},"schema":{"@context":"https:\/\/schema.org","@graph":[{"@type":"Article","@id":"https:\/\/raed.academy\/ca\/amat-demana-un-nou-pla-de-mobilitat-ambicios-pero-tambe-realista\/#article","isPartOf":{"@id":"https:\/\/raed.academy\/ca\/amat-demana-un-nou-pla-de-mobilitat-ambicios-pero-tambe-realista\/"},"author":{"name":"RAED","@id":"https:\/\/raed.academy\/ca\/#\/schema\/person\/5a755da80d1d979fd66ba745c8702927"},"headline":"Amat demana un nou pla de mobilitat ambici\u00f3s, per\u00f2 tamb\u00e9 realista","datePublished":"2021-04-16T21:30:39+00:00","dateModified":"2021-04-17T19:05:49+00:00","mainEntityOfPage":{"@id":"https:\/\/raed.academy\/ca\/amat-demana-un-nou-pla-de-mobilitat-ambicios-pero-tambe-realista\/"},"wordCount":501,"publisher":{"@id":"https:\/\/raed.academy\/ca\/#organization"},"image":{"@id":"https:\/\/raed.academy\/ca\/amat-demana-un-nou-pla-de-mobilitat-ambicios-pero-tambe-realista\/#primaryimage"},"thumbnailUrl":"https:\/\/raed.academy\/wp-content\/uploads\/2021\/04\/Pla-de-Rodalies-dst.jpg","articleSection":["Coronavirus des del coneixement","Economia i pol\u00edtica","Economia i pol\u00edtica"],"inLanguage":"ca-ES"},{"@type":"WebPage","@id":"https:\/\/raed.academy\/ca\/amat-demana-un-nou-pla-de-mobilitat-ambicios-pero-tambe-realista\/","url":"https:\/\/raed.academy\/ca\/amat-demana-un-nou-pla-de-mobilitat-ambicios-pero-tambe-realista\/","name":"Amat demana un nou pla de mobilitat ambici\u00f3s, per\u00f2 tamb\u00e9 realista - Reial Acad\u00e8mia Europea de Doctors","isPartOf":{"@id":"https:\/\/raed.academy\/ca\/#website"},"primaryImageOfPage":{"@id":"https:\/\/raed.academy\/ca\/amat-demana-un-nou-pla-de-mobilitat-ambicios-pero-tambe-realista\/#primaryimage"},"image":{"@id":"https:\/\/raed.academy\/ca\/amat-demana-un-nou-pla-de-mobilitat-ambicios-pero-tambe-realista\/#primaryimage"},"thumbnailUrl":"https:\/\/raed.academy\/wp-content\/uploads\/2021\/04\/Pla-de-Rodalies-dst.jpg","datePublished":"2021-04-16T21:30:39+00:00","dateModified":"2021-04-17T19:05:49+00:00","description":"Oriol Amat insta el Govern a dotar i executar el nou pla de Rodalies que Pedro Saura va presentar a la seu del Col\u00b7legi d'Economistes","breadcrumb":{"@id":"https:\/\/raed.academy\/ca\/amat-demana-un-nou-pla-de-mobilitat-ambicios-pero-tambe-realista\/#breadcrumb"},"inLanguage":"ca-ES","potentialAction":[{"@type":"ReadAction","target":["https:\/\/raed.academy\/ca\/amat-demana-un-nou-pla-de-mobilitat-ambicios-pero-tambe-realista\/"]}]},{"@type":"ImageObject","inLanguage":"ca-ES","@id":"https:\/\/raed.academy\/ca\/amat-demana-un-nou-pla-de-mobilitat-ambicios-pero-tambe-realista\/#primaryimage","url":"https:\/\/raed.academy\/wp-content\/uploads\/2021\/04\/Pla-de-Rodalies-dst.jpg","contentUrl":"https:\/\/raed.academy\/wp-content\/uploads\/2021\/04\/Pla-de-Rodalies-dst.jpg","width":600,"height":360},{"@type":"BreadcrumbList","@id":"https:\/\/raed.academy\/ca\/amat-demana-un-nou-pla-de-mobilitat-ambicios-pero-tambe-realista\/#breadcrumb","itemListElement":[{"@type":"ListItem","position":1,"name":"Inicio","item":"https:\/\/raed.academy\/ca\/"},{"@type":"ListItem","position":2,"name":"Amat demana un nou pla de mobilitat ambici\u00f3s, per\u00f2 tamb\u00e9 realista"}]},{"@type":"WebSite","@id":"https:\/\/raed.academy\/ca\/#website","url":"https:\/\/raed.academy\/ca\/","name":"Reial Acad\u00e8mia Europea de Doctors","description":"Corporaci\u00f3n de derecho p\u00fablico de car\u00e1cter cient\u00edfico, t\u00e9cnico y art\u00edstico, que tiene por objeto la investigaci\u00f3n, el estudio, el fomento y la extensi\u00f3n del conocimiento en su sentido m\u00e1s amplio","publisher":{"@id":"https:\/\/raed.academy\/ca\/#organization"},"potentialAction":[{"@type":"SearchAction","target":{"@type":"EntryPoint","urlTemplate":"https:\/\/raed.academy\/ca\/?s={search_term_string}"},"query-input":{"@type":"PropertyValueSpecification","valueRequired":true,"valueName":"search_term_string"}}],"inLanguage":"ca-ES"},{"@type":"Organization","@id":"https:\/\/raed.academy\/ca\/#organization","name":"Real Academia Europea de Doctores","url":"https:\/\/raed.academy\/ca\/","logo":{"@type":"ImageObject","inLanguage":"ca-ES","@id":"https:\/\/raed.academy\/ca\/#\/schema\/logo\/image\/","url":"https:\/\/raed.academy\/wp-content\/uploads\/2017\/01\/cropped-logo_raed.png","contentUrl":"https:\/\/raed.academy\/wp-content\/uploads\/2017\/01\/cropped-logo_raed.png","width":512,"height":512,"caption":"Real Academia Europea de Doctores"},"image":{"@id":"https:\/\/raed.academy\/ca\/#\/schema\/logo\/image\/"},"sameAs":["http:\/\/fb.me\/raed.academy","https:\/\/x.com\/raedacademy","https:\/\/www.instagram.com\/raed.academy\/","https:\/\/www.youtube.com\/channel\/UCUYQwW2KrdirNWihxMDObwg"]},{"@type":"Person","@id":"https:\/\/raed.academy\/ca\/#\/schema\/person\/5a755da80d1d979fd66ba745c8702927","name":"RAED","image":{"@type":"ImageObject","inLanguage":"ca-ES","@id":"https:\/\/secure.gravatar.com\/avatar\/19fdfdc0d67fb9c45714b703a2ac82251c4fcea3637f002ac3c9b74c0183583c?s=96&d=mm&r=g","url":"https:\/\/secure.gravatar.com\/avatar\/19fdfdc0d67fb9c45714b703a2ac82251c4fcea3637f002ac3c9b74c0183583c?s=96&d=mm&r=g","contentUrl":"https:\/\/secure.gravatar.com\/avatar\/19fdfdc0d67fb9c45714b703a2ac82251c4fcea3637f002ac3c9b74c0183583c?s=96&d=mm&r=g","caption":"RAED"}}]}},"_links":{"self":[{"href":"https:\/\/raed.academy\/ca\/wp-json\/wp\/v2\/posts\/101967","targetHints":{"allow":["GET"]}}],"collection":[{"href":"https:\/\/raed.academy\/ca\/wp-json\/wp\/v2\/posts"}],"about":[{"href":"https:\/\/raed.academy\/ca\/wp-json\/wp\/v2\/types\/post"}],"author":[{"embeddable":true,"href":"https:\/\/raed.academy\/ca\/wp-json\/wp\/v2\/users\/12"}],"replies":[{"embeddable":true,"href":"https:\/\/raed.academy\/ca\/wp-json\/wp\/v2\/comments?post=101967"}],"version-history":[{"count":0,"href":"https:\/\/raed.academy\/ca\/wp-json\/wp\/v2\/posts\/101967\/revisions"}],"wp:featuredmedia":[{"embeddable":true,"href":"https:\/\/raed.academy\/ca\/wp-json\/wp\/v2\/media\/101909"}],"wp:attachment":[{"href":"https:\/\/raed.academy\/ca\/wp-json\/wp\/v2\/media?parent=101967"}],"wp:term":[{"taxonomy":"category","embeddable":true,"href":"https:\/\/raed.academy\/ca\/wp-json\/wp\/v2\/categories?post=101967"},{"taxonomy":"post_tag","embeddable":true,"href":"https:\/\/raed.academy\/ca\/wp-json\/wp\/v2\/tags?post=101967"}],"curies":[{"name":"wp","href":"https:\/\/api.w.org\/{rel}","templated":true}]}}