{"id":101733,"date":"2021-04-07T20:20:42","date_gmt":"2021-04-07T20:20:42","guid":{"rendered":"https:\/\/raed.academy\/?p=101733"},"modified":"2021-04-09T07:39:48","modified_gmt":"2021-04-09T07:39:48","slug":"reptes-vitals-per-a-una-nova-era-i-un-periode-renovador-2012-2020","status":"publish","type":"post","link":"https:\/\/raed.academy\/ca\/reptes-vitals-per-a-una-nova-era-i-un-periode-renovador-2012-2020\/","title":{"rendered":"Dues obres que sintetitzen el present i el futur de la Reial Acad\u00e8mia"},"content":{"rendered":"<p><a href=\"https:\/\/raed.academy\/ca\/academics\/dr-alfredo-rocafort-nicolau\/\" target=\"_blank\" rel=\"noopener\"><strong><em>Alfredo Rocafort<\/em><\/strong><\/a><br \/>\n<em>Catedr\u00e0tic de la Facultat d&#8217;Economia i Empresa de la Universitat de Barcelona i acad\u00e8mic de n\u00famero i president de la Junta de Govern de la Reial Acad\u00e8mia Europea de Doctors-Barcelona 1914 (RAED)<\/em><\/p>\n<p><a href=\"https:\/\/raed.academy\/ca\/academics\/dr-alfredo-rocafort-nicolau\/\" target=\"_blank\" rel=\"noopener\"><strong><em>Alfredo Rocafort<\/em><\/strong><\/a>, catedr\u00e0tic de la Facultat d&#8217;Economia i Empresa de la <strong>Universitat de Barcelona<\/strong> i acad\u00e8mic de n\u00famero i president de la <strong>Reial Acad\u00e8mia Europea de Doctors-Barcelona 1914<\/strong> (RAED), convida a la comunitat acad\u00e8mica a fer seva i difondre la darrera publicaci\u00f3 de la instituci\u00f3, <strong>&#8220;Un per\u00edode renovador (2012-2020)&#8221;<\/strong>, que detalla l&#8217;activitat que ha dut a terme la Reial Corporaci\u00f3 al llarg d&#8217;aquest intens per\u00edode en qu\u00e8 ha celebrat el seu centenari, ha recuperat una seu corporativa estable, s&#8217;ha internacionalitzat gr\u00e0cies a una decidida aposta europeista i s&#8217;ha consolidat com una instituci\u00f3 de refer\u00e8ncia als \u00e0mbits acad\u00e8mic i cient\u00edfic. Un per\u00edode, a m\u00e9s, en qu\u00e8 ha pogut sortejar amb \u00e8xit la pand\u00e8mia que ha afectat a la seva activitat. El llibre ha estat editat pel prestigi\u00f3s segell <a href=\"https:\/\/www.mhe.es\/\" target=\"_blank\" rel=\"noopener\"><strong>McGraw Hill<\/strong><\/a>.<\/p>\n<p>&#8220;El relat hist\u00f2ric que s&#8217;ofereix en aquesta obra, tot i l&#8217;obligat exercici de s\u00edntesi, aspira no nom\u00e9s a descriure les circumst\u00e0ncies m\u00e9s destacades i el desenvolupament de l&#8217;activitat desplegada per la nostra Reial Corporaci\u00f3 durant l&#8217;esmentat per\u00edode, sin\u00f3 que tamb\u00e9 aprofundeix en els compromisos adquirits amb l&#8217;entorn social -explica Rocafort-. La ra\u00f3 essencial que justifica l&#8217;exist\u00e8ncia d&#8217;una instituci\u00f3 com la nostra \u00e9s la construcci\u00f3, sempre inacabada, d&#8217;un espai de llibertat per a la recerca cient\u00edfica, la qual cosa constitueix una tasca exigent, un objectiu ambici\u00f3s i una gratificant missi\u00f3&#8221;.<\/p>\n<p>El president de la RAED destaca l&#8217;exhaustiva informaci\u00f3 de les activitats dutes a terme per l&#8217;Acad\u00e8mia i de tot all\u00f2 que les caracteritza que recull auqest llibre: cerim\u00f2nies d&#8217;ingr\u00e9s, seminaris, ponents, confer\u00e8ncies, assistents, publicacions, not\u00edcies&#8230; entre molts d&#8217;altres aspectes. Aix\u00ed mateix, s&#8217;ha elaborat un nodrit repositori de mitjans audiovisuals que ha perm\u00e8s dotar a aquest document d&#8217;un contingut d&#8217;inter\u00e8s tant per al lector que s&#8217;aproxima per primera vegada a la instituci\u00f3 com per a la pr\u00f2pia comunitat acad\u00e8mica.<\/p>\n<p><strong><img loading=\"lazy\" decoding=\"async\" class=\"alignleft size-full wp-image-101670\" src=\"https:\/\/raed.academy\/wp-content\/uploads\/2021\/04\/Periodo-Renovador-y-Retos-Vitales-dst.jpg\" sizes=\"(max-width: 600px) 100vw, 600px\" srcset=\"https:\/\/raed.academy\/wp-content\/uploads\/2021\/04\/Periodo-Renovador-y-Retos-Vitales-dst.jpg 600w, https:\/\/raed.academy\/wp-content\/uploads\/2021\/04\/Periodo-Renovador-y-Retos-Vitales-dst-440x264.jpg 440w\" alt=\"Un Periodo Renovador 2012-2020 y Retos Vitales para una nueva era\" width=\"600\" height=\"360\" data-attachment-id=\"101670\" data-permalink=\"https:\/\/raed.academy\/un-periodo-renovador-2012-2020-y-retos-vitales-para-una-nueva-era\/periodo-renovador-y-retos-vitales-dst\/\" data-orig-file=\"https:\/\/raed.academy\/wp-content\/uploads\/2021\/04\/Periodo-Renovador-y-Retos-Vitales-dst.jpg\" data-orig-size=\"600,360\" data-comments-opened=\"0\" data-image-meta=\"{&quot;aperture&quot;:&quot;0&quot;,&quot;credit&quot;:&quot;&quot;,&quot;camera&quot;:&quot;&quot;,&quot;caption&quot;:&quot;&quot;,&quot;created_timestamp&quot;:&quot;0&quot;,&quot;copyright&quot;:&quot;&quot;,&quot;focal_length&quot;:&quot;0&quot;,&quot;iso&quot;:&quot;0&quot;,&quot;shutter_speed&quot;:&quot;0&quot;,&quot;title&quot;:&quot;&quot;,&quot;orientation&quot;:&quot;0&quot;}\" data-image-title=\"Periodo-Renovador-y-Retos-Vitales-dst\" data-image-description=\"&lt;p&gt;Portadas 3D Un Periodo Renovador 2012-2020 y Retos Vitales para una nueva era&lt;\/p&gt; \" data-medium-file=\"https:\/\/raed.academy\/wp-content\/uploads\/2021\/04\/Periodo-Renovador-y-Retos-Vitales-dst.jpg\" data-large-file=\"https:\/\/raed.academy\/wp-content\/uploads\/2021\/04\/Periodo-Renovador-y-Retos-Vitales-dst.jpg\" \/>Rocafort<\/strong>, aix\u00ed mateix, es congratula de la propera obra magna que la RAED presentar\u00e0 aquest mateix mes d&#8217;abril, <strong>&#8220;Reptes vitals per a una nova era&#8221;<\/strong>. &#8220;La Reial Acad\u00e8mia, amb el suport immesurable de la seva Fundaci\u00f3, plenament conscient dels seus compromisos amb la societat a la qual serveix, a trav\u00e9s de la ci\u00e8ncia i el coneixement, ha decidit posar en marxa un nou projecte apassionant i, alhora complex, al que hem dedicat tamb\u00e9 diversos mesos d&#8217;intens treball. Aquest complet informe que vam titular &#8216;Reptes vitals per a una nova era&#8217; tindr\u00e0 car\u00e0cter d&#8217;informe anual i en ell, destacades personalitats de l&#8217;Acad\u00e8mia o vinculades a la mateixa analitzen, en profunditat i amb enorme solv\u00e8ncia, temes diversos des del fil conductor que representen aquests reptes als que com a societat ens enfrontem i als que, des d&#8217;una instituci\u00f3 com la nostra, creiem que hem de donar respostes, proposar reflexions i en no pocs casos, oferir-ne solucions&#8221;.<\/p>\n<p>L&#8217;acad\u00e8mic i president de la Junta de Govern detalla com una quarentena d&#8217;autors que s\u00f3n referents internacionals en els seus \u00e0mbits cient\u00edfics han acceptat participar en aquest projecte, materialitzat en un llibre de m\u00e9s de 700 p\u00e0gines que considera un document \u00fanic en el seu g\u00e8nere. Aquesta obra tamb\u00e9 portar\u00e0 prestigi\u00f3s segell editorial McGraw Hill.<\/p>\n","protected":false},"excerpt":{"rendered":"<p>&#8220;Un per\u00edode renovador (2012-2020)&#8221; detalla l&#8217;activitat de la RAED al llarg d&#8217;aquest per\u00edode, mentre que &#8220;Reptes Vitals per a una nova era&#8221; analitza en profunditat els reptes als que com a societat ens enfrontem<\/p>\n","protected":false},"author":12,"featured_media":101671,"comment_status":"closed","ping_status":"closed","sticky":false,"template":"","format":"standard","meta":{"_et_pb_use_builder":"","_et_pb_old_content":"","_et_gb_content_width":"","footnotes":""},"categories":[72],"tags":[],"class_list":["post-101733","post","type-post","status-publish","format-standard","has-post-thumbnail","hentry","category-uncategorized-ca","et-has-post-format-content","et_post_format-et-post-format-standard"],"yoast_head":"<!-- This site is optimized with the Yoast SEO plugin v27.4 - https:\/\/yoast.com\/product\/yoast-seo-wordpress\/ -->\n<title>Dues obres que sintetitzen el present i el futur de la Reial Acad\u00e8mia - Reial Acad\u00e8mia Europea de Doctors<\/title>\n<meta name=\"description\" content=\"&quot;Reptes Vitals per a una nova era&quot; \u00e9s un informe anual que analitza en profunditat els reptes als que com a societat ens enfrontem\" \/>\n<meta name=\"robots\" content=\"index, follow, max-snippet:-1, max-image-preview:large, max-video-preview:-1\" \/>\n<link rel=\"canonical\" href=\"https:\/\/raed.academy\/ca\/reptes-vitals-per-a-una-nova-era-i-un-periode-renovador-2012-2020\/\" \/>\n<meta property=\"og:locale\" content=\"ca_ES\" \/>\n<meta property=\"og:type\" content=\"article\" \/>\n<meta property=\"og:title\" content=\"Dues obres que sintetitzen el present i el futur de la Reial Acad\u00e8mia - Reial Acad\u00e8mia Europea de Doctors\" \/>\n<meta property=\"og:description\" content=\"&quot;Reptes Vitals per a una nova era&quot; \u00e9s un informe anual que analitza en profunditat els reptes als que com a societat ens enfrontem\" \/>\n<meta property=\"og:url\" content=\"https:\/\/raed.academy\/ca\/reptes-vitals-per-a-una-nova-era-i-un-periode-renovador-2012-2020\/\" \/>\n<meta property=\"og:site_name\" content=\"Reial Acad\u00e8mia Europea de Doctors\" \/>\n<meta property=\"article:publisher\" content=\"http:\/\/fb.me\/raed.academy\" \/>\n<meta property=\"article:published_time\" content=\"2021-04-07T20:20:42+00:00\" \/>\n<meta property=\"article:modified_time\" content=\"2021-04-09T07:39:48+00:00\" \/>\n<meta property=\"og:image\" content=\"https:\/\/raed.academy\/wp-content\/uploads\/2021\/04\/Periodo-Renovador-y-Retos-Vitales-dst.jpg\" \/>\n\t<meta property=\"og:image:width\" content=\"600\" \/>\n\t<meta property=\"og:image:height\" content=\"360\" \/>\n\t<meta property=\"og:image:type\" content=\"image\/jpeg\" \/>\n<meta name=\"author\" content=\"RAED\" \/>\n<meta name=\"twitter:card\" content=\"summary_large_image\" \/>\n<meta name=\"twitter:creator\" content=\"@raedacademy\" \/>\n<meta name=\"twitter:site\" content=\"@raedacademy\" \/>\n<meta name=\"twitter:label1\" content=\"Written by\" \/>\n\t<meta name=\"twitter:data1\" content=\"RAED\" \/>\n\t<meta name=\"twitter:label2\" content=\"Est. reading time\" \/>\n\t<meta name=\"twitter:data2\" content=\"3 minutes\" \/>\n<script type=\"application\/ld+json\" class=\"yoast-schema-graph\">{\"@context\":\"https:\\\/\\\/schema.org\",\"@graph\":[{\"@type\":\"Article\",\"@id\":\"https:\\\/\\\/raed.academy\\\/ca\\\/reptes-vitals-per-a-una-nova-era-i-un-periode-renovador-2012-2020\\\/#article\",\"isPartOf\":{\"@id\":\"https:\\\/\\\/raed.academy\\\/ca\\\/reptes-vitals-per-a-una-nova-era-i-un-periode-renovador-2012-2020\\\/\"},\"author\":{\"name\":\"RAED\",\"@id\":\"https:\\\/\\\/raed.academy\\\/ca\\\/#\\\/schema\\\/person\\\/5a755da80d1d979fd66ba745c8702927\"},\"headline\":\"Dues obres que sintetitzen el present i el futur de la Reial Acad\u00e8mia\",\"datePublished\":\"2021-04-07T20:20:42+00:00\",\"dateModified\":\"2021-04-09T07:39:48+00:00\",\"mainEntityOfPage\":{\"@id\":\"https:\\\/\\\/raed.academy\\\/ca\\\/reptes-vitals-per-a-una-nova-era-i-un-periode-renovador-2012-2020\\\/\"},\"wordCount\":629,\"publisher\":{\"@id\":\"https:\\\/\\\/raed.academy\\\/ca\\\/#organization\"},\"image\":{\"@id\":\"https:\\\/\\\/raed.academy\\\/ca\\\/reptes-vitals-per-a-una-nova-era-i-un-periode-renovador-2012-2020\\\/#primaryimage\"},\"thumbnailUrl\":\"https:\\\/\\\/raed.academy\\\/wp-content\\\/uploads\\\/2021\\\/04\\\/Periodo-Renovador-y-Retos-Vitales-dst.jpg\",\"articleSection\":[\"Uncategorized @ca\"],\"inLanguage\":\"ca-ES\"},{\"@type\":\"WebPage\",\"@id\":\"https:\\\/\\\/raed.academy\\\/ca\\\/reptes-vitals-per-a-una-nova-era-i-un-periode-renovador-2012-2020\\\/\",\"url\":\"https:\\\/\\\/raed.academy\\\/ca\\\/reptes-vitals-per-a-una-nova-era-i-un-periode-renovador-2012-2020\\\/\",\"name\":\"Dues obres que sintetitzen el present i el futur de la Reial Acad\u00e8mia - Reial Acad\u00e8mia Europea de Doctors\",\"isPartOf\":{\"@id\":\"https:\\\/\\\/raed.academy\\\/ca\\\/#website\"},\"primaryImageOfPage\":{\"@id\":\"https:\\\/\\\/raed.academy\\\/ca\\\/reptes-vitals-per-a-una-nova-era-i-un-periode-renovador-2012-2020\\\/#primaryimage\"},\"image\":{\"@id\":\"https:\\\/\\\/raed.academy\\\/ca\\\/reptes-vitals-per-a-una-nova-era-i-un-periode-renovador-2012-2020\\\/#primaryimage\"},\"thumbnailUrl\":\"https:\\\/\\\/raed.academy\\\/wp-content\\\/uploads\\\/2021\\\/04\\\/Periodo-Renovador-y-Retos-Vitales-dst.jpg\",\"datePublished\":\"2021-04-07T20:20:42+00:00\",\"dateModified\":\"2021-04-09T07:39:48+00:00\",\"description\":\"\\\"Reptes Vitals per a una nova era\\\" \u00e9s un informe anual que analitza en profunditat els reptes als que com a societat ens enfrontem\",\"breadcrumb\":{\"@id\":\"https:\\\/\\\/raed.academy\\\/ca\\\/reptes-vitals-per-a-una-nova-era-i-un-periode-renovador-2012-2020\\\/#breadcrumb\"},\"inLanguage\":\"ca-ES\",\"potentialAction\":[{\"@type\":\"ReadAction\",\"target\":[\"https:\\\/\\\/raed.academy\\\/ca\\\/reptes-vitals-per-a-una-nova-era-i-un-periode-renovador-2012-2020\\\/\"]}]},{\"@type\":\"ImageObject\",\"inLanguage\":\"ca-ES\",\"@id\":\"https:\\\/\\\/raed.academy\\\/ca\\\/reptes-vitals-per-a-una-nova-era-i-un-periode-renovador-2012-2020\\\/#primaryimage\",\"url\":\"https:\\\/\\\/raed.academy\\\/wp-content\\\/uploads\\\/2021\\\/04\\\/Periodo-Renovador-y-Retos-Vitales-dst.jpg\",\"contentUrl\":\"https:\\\/\\\/raed.academy\\\/wp-content\\\/uploads\\\/2021\\\/04\\\/Periodo-Renovador-y-Retos-Vitales-dst.jpg\",\"width\":600,\"height\":360,\"caption\":\"Periodo Renovador 2012-2020 y Retos Vitales para una nueva era\"},{\"@type\":\"BreadcrumbList\",\"@id\":\"https:\\\/\\\/raed.academy\\\/ca\\\/reptes-vitals-per-a-una-nova-era-i-un-periode-renovador-2012-2020\\\/#breadcrumb\",\"itemListElement\":[{\"@type\":\"ListItem\",\"position\":1,\"name\":\"Inicio\",\"item\":\"https:\\\/\\\/raed.academy\\\/ca\\\/\"},{\"@type\":\"ListItem\",\"position\":2,\"name\":\"Dues obres que sintetitzen el present i el futur de la Reial Acad\u00e8mia\"}]},{\"@type\":\"WebSite\",\"@id\":\"https:\\\/\\\/raed.academy\\\/ca\\\/#website\",\"url\":\"https:\\\/\\\/raed.academy\\\/ca\\\/\",\"name\":\"Reial Acad\u00e8mia Europea de Doctors\",\"description\":\"Corporaci\u00f3n de derecho p\u00fablico de car\u00e1cter cient\u00edfico, t\u00e9cnico y art\u00edstico, que tiene por objeto la investigaci\u00f3n, el estudio, el fomento y la extensi\u00f3n del conocimiento en su sentido m\u00e1s amplio\",\"publisher\":{\"@id\":\"https:\\\/\\\/raed.academy\\\/ca\\\/#organization\"},\"potentialAction\":[{\"@type\":\"SearchAction\",\"target\":{\"@type\":\"EntryPoint\",\"urlTemplate\":\"https:\\\/\\\/raed.academy\\\/ca\\\/?s={search_term_string}\"},\"query-input\":{\"@type\":\"PropertyValueSpecification\",\"valueRequired\":true,\"valueName\":\"search_term_string\"}}],\"inLanguage\":\"ca-ES\"},{\"@type\":\"Organization\",\"@id\":\"https:\\\/\\\/raed.academy\\\/ca\\\/#organization\",\"name\":\"Real Academia Europea de Doctores\",\"url\":\"https:\\\/\\\/raed.academy\\\/ca\\\/\",\"logo\":{\"@type\":\"ImageObject\",\"inLanguage\":\"ca-ES\",\"@id\":\"https:\\\/\\\/raed.academy\\\/ca\\\/#\\\/schema\\\/logo\\\/image\\\/\",\"url\":\"https:\\\/\\\/raed.academy\\\/wp-content\\\/uploads\\\/2017\\\/01\\\/cropped-logo_raed.png\",\"contentUrl\":\"https:\\\/\\\/raed.academy\\\/wp-content\\\/uploads\\\/2017\\\/01\\\/cropped-logo_raed.png\",\"width\":512,\"height\":512,\"caption\":\"Real Academia Europea de Doctores\"},\"image\":{\"@id\":\"https:\\\/\\\/raed.academy\\\/ca\\\/#\\\/schema\\\/logo\\\/image\\\/\"},\"sameAs\":[\"http:\\\/\\\/fb.me\\\/raed.academy\",\"https:\\\/\\\/x.com\\\/raedacademy\",\"https:\\\/\\\/www.instagram.com\\\/raed.academy\\\/\",\"https:\\\/\\\/www.youtube.com\\\/channel\\\/UCUYQwW2KrdirNWihxMDObwg\"]},{\"@type\":\"Person\",\"@id\":\"https:\\\/\\\/raed.academy\\\/ca\\\/#\\\/schema\\\/person\\\/5a755da80d1d979fd66ba745c8702927\",\"name\":\"RAED\",\"image\":{\"@type\":\"ImageObject\",\"inLanguage\":\"ca-ES\",\"@id\":\"https:\\\/\\\/secure.gravatar.com\\\/avatar\\\/19fdfdc0d67fb9c45714b703a2ac82251c4fcea3637f002ac3c9b74c0183583c?s=96&d=mm&r=g\",\"url\":\"https:\\\/\\\/secure.gravatar.com\\\/avatar\\\/19fdfdc0d67fb9c45714b703a2ac82251c4fcea3637f002ac3c9b74c0183583c?s=96&d=mm&r=g\",\"contentUrl\":\"https:\\\/\\\/secure.gravatar.com\\\/avatar\\\/19fdfdc0d67fb9c45714b703a2ac82251c4fcea3637f002ac3c9b74c0183583c?s=96&d=mm&r=g\",\"caption\":\"RAED\"}}]}<\/script>\n<!-- \/ Yoast SEO plugin. -->","yoast_head_json":{"title":"Dues obres que sintetitzen el present i el futur de la Reial Acad\u00e8mia - Reial Acad\u00e8mia Europea de Doctors","description":"\"Reptes Vitals per a una nova era\" \u00e9s un informe anual que analitza en profunditat els reptes als que com a societat ens enfrontem","robots":{"index":"index","follow":"follow","max-snippet":"max-snippet:-1","max-image-preview":"max-image-preview:large","max-video-preview":"max-video-preview:-1"},"canonical":"https:\/\/raed.academy\/ca\/reptes-vitals-per-a-una-nova-era-i-un-periode-renovador-2012-2020\/","og_locale":"ca_ES","og_type":"article","og_title":"Dues obres que sintetitzen el present i el futur de la Reial Acad\u00e8mia - Reial Acad\u00e8mia Europea de Doctors","og_description":"\"Reptes Vitals per a una nova era\" \u00e9s un informe anual que analitza en profunditat els reptes als que com a societat ens enfrontem","og_url":"https:\/\/raed.academy\/ca\/reptes-vitals-per-a-una-nova-era-i-un-periode-renovador-2012-2020\/","og_site_name":"Reial Acad\u00e8mia Europea de Doctors","article_publisher":"http:\/\/fb.me\/raed.academy","article_published_time":"2021-04-07T20:20:42+00:00","article_modified_time":"2021-04-09T07:39:48+00:00","og_image":[{"width":600,"height":360,"url":"https:\/\/raed.academy\/wp-content\/uploads\/2021\/04\/Periodo-Renovador-y-Retos-Vitales-dst.jpg","type":"image\/jpeg"}],"author":"RAED","twitter_card":"summary_large_image","twitter_creator":"@raedacademy","twitter_site":"@raedacademy","twitter_misc":{"Written by":"RAED","Est. reading time":"3 minutes"},"schema":{"@context":"https:\/\/schema.org","@graph":[{"@type":"Article","@id":"https:\/\/raed.academy\/ca\/reptes-vitals-per-a-una-nova-era-i-un-periode-renovador-2012-2020\/#article","isPartOf":{"@id":"https:\/\/raed.academy\/ca\/reptes-vitals-per-a-una-nova-era-i-un-periode-renovador-2012-2020\/"},"author":{"name":"RAED","@id":"https:\/\/raed.academy\/ca\/#\/schema\/person\/5a755da80d1d979fd66ba745c8702927"},"headline":"Dues obres que sintetitzen el present i el futur de la Reial Acad\u00e8mia","datePublished":"2021-04-07T20:20:42+00:00","dateModified":"2021-04-09T07:39:48+00:00","mainEntityOfPage":{"@id":"https:\/\/raed.academy\/ca\/reptes-vitals-per-a-una-nova-era-i-un-periode-renovador-2012-2020\/"},"wordCount":629,"publisher":{"@id":"https:\/\/raed.academy\/ca\/#organization"},"image":{"@id":"https:\/\/raed.academy\/ca\/reptes-vitals-per-a-una-nova-era-i-un-periode-renovador-2012-2020\/#primaryimage"},"thumbnailUrl":"https:\/\/raed.academy\/wp-content\/uploads\/2021\/04\/Periodo-Renovador-y-Retos-Vitales-dst.jpg","articleSection":["Uncategorized @ca"],"inLanguage":"ca-ES"},{"@type":"WebPage","@id":"https:\/\/raed.academy\/ca\/reptes-vitals-per-a-una-nova-era-i-un-periode-renovador-2012-2020\/","url":"https:\/\/raed.academy\/ca\/reptes-vitals-per-a-una-nova-era-i-un-periode-renovador-2012-2020\/","name":"Dues obres que sintetitzen el present i el futur de la Reial Acad\u00e8mia - Reial Acad\u00e8mia Europea de Doctors","isPartOf":{"@id":"https:\/\/raed.academy\/ca\/#website"},"primaryImageOfPage":{"@id":"https:\/\/raed.academy\/ca\/reptes-vitals-per-a-una-nova-era-i-un-periode-renovador-2012-2020\/#primaryimage"},"image":{"@id":"https:\/\/raed.academy\/ca\/reptes-vitals-per-a-una-nova-era-i-un-periode-renovador-2012-2020\/#primaryimage"},"thumbnailUrl":"https:\/\/raed.academy\/wp-content\/uploads\/2021\/04\/Periodo-Renovador-y-Retos-Vitales-dst.jpg","datePublished":"2021-04-07T20:20:42+00:00","dateModified":"2021-04-09T07:39:48+00:00","description":"\"Reptes Vitals per a una nova era\" \u00e9s un informe anual que analitza en profunditat els reptes als que com a societat ens enfrontem","breadcrumb":{"@id":"https:\/\/raed.academy\/ca\/reptes-vitals-per-a-una-nova-era-i-un-periode-renovador-2012-2020\/#breadcrumb"},"inLanguage":"ca-ES","potentialAction":[{"@type":"ReadAction","target":["https:\/\/raed.academy\/ca\/reptes-vitals-per-a-una-nova-era-i-un-periode-renovador-2012-2020\/"]}]},{"@type":"ImageObject","inLanguage":"ca-ES","@id":"https:\/\/raed.academy\/ca\/reptes-vitals-per-a-una-nova-era-i-un-periode-renovador-2012-2020\/#primaryimage","url":"https:\/\/raed.academy\/wp-content\/uploads\/2021\/04\/Periodo-Renovador-y-Retos-Vitales-dst.jpg","contentUrl":"https:\/\/raed.academy\/wp-content\/uploads\/2021\/04\/Periodo-Renovador-y-Retos-Vitales-dst.jpg","width":600,"height":360,"caption":"Periodo Renovador 2012-2020 y Retos Vitales para una nueva era"},{"@type":"BreadcrumbList","@id":"https:\/\/raed.academy\/ca\/reptes-vitals-per-a-una-nova-era-i-un-periode-renovador-2012-2020\/#breadcrumb","itemListElement":[{"@type":"ListItem","position":1,"name":"Inicio","item":"https:\/\/raed.academy\/ca\/"},{"@type":"ListItem","position":2,"name":"Dues obres que sintetitzen el present i el futur de la Reial Acad\u00e8mia"}]},{"@type":"WebSite","@id":"https:\/\/raed.academy\/ca\/#website","url":"https:\/\/raed.academy\/ca\/","name":"Reial Acad\u00e8mia Europea de Doctors","description":"Corporaci\u00f3n de derecho p\u00fablico de car\u00e1cter cient\u00edfico, t\u00e9cnico y art\u00edstico, que tiene por objeto la investigaci\u00f3n, el estudio, el fomento y la extensi\u00f3n del conocimiento en su sentido m\u00e1s amplio","publisher":{"@id":"https:\/\/raed.academy\/ca\/#organization"},"potentialAction":[{"@type":"SearchAction","target":{"@type":"EntryPoint","urlTemplate":"https:\/\/raed.academy\/ca\/?s={search_term_string}"},"query-input":{"@type":"PropertyValueSpecification","valueRequired":true,"valueName":"search_term_string"}}],"inLanguage":"ca-ES"},{"@type":"Organization","@id":"https:\/\/raed.academy\/ca\/#organization","name":"Real Academia Europea de Doctores","url":"https:\/\/raed.academy\/ca\/","logo":{"@type":"ImageObject","inLanguage":"ca-ES","@id":"https:\/\/raed.academy\/ca\/#\/schema\/logo\/image\/","url":"https:\/\/raed.academy\/wp-content\/uploads\/2017\/01\/cropped-logo_raed.png","contentUrl":"https:\/\/raed.academy\/wp-content\/uploads\/2017\/01\/cropped-logo_raed.png","width":512,"height":512,"caption":"Real Academia Europea de Doctores"},"image":{"@id":"https:\/\/raed.academy\/ca\/#\/schema\/logo\/image\/"},"sameAs":["http:\/\/fb.me\/raed.academy","https:\/\/x.com\/raedacademy","https:\/\/www.instagram.com\/raed.academy\/","https:\/\/www.youtube.com\/channel\/UCUYQwW2KrdirNWihxMDObwg"]},{"@type":"Person","@id":"https:\/\/raed.academy\/ca\/#\/schema\/person\/5a755da80d1d979fd66ba745c8702927","name":"RAED","image":{"@type":"ImageObject","inLanguage":"ca-ES","@id":"https:\/\/secure.gravatar.com\/avatar\/19fdfdc0d67fb9c45714b703a2ac82251c4fcea3637f002ac3c9b74c0183583c?s=96&d=mm&r=g","url":"https:\/\/secure.gravatar.com\/avatar\/19fdfdc0d67fb9c45714b703a2ac82251c4fcea3637f002ac3c9b74c0183583c?s=96&d=mm&r=g","contentUrl":"https:\/\/secure.gravatar.com\/avatar\/19fdfdc0d67fb9c45714b703a2ac82251c4fcea3637f002ac3c9b74c0183583c?s=96&d=mm&r=g","caption":"RAED"}}]}},"_links":{"self":[{"href":"https:\/\/raed.academy\/ca\/wp-json\/wp\/v2\/posts\/101733","targetHints":{"allow":["GET"]}}],"collection":[{"href":"https:\/\/raed.academy\/ca\/wp-json\/wp\/v2\/posts"}],"about":[{"href":"https:\/\/raed.academy\/ca\/wp-json\/wp\/v2\/types\/post"}],"author":[{"embeddable":true,"href":"https:\/\/raed.academy\/ca\/wp-json\/wp\/v2\/users\/12"}],"replies":[{"embeddable":true,"href":"https:\/\/raed.academy\/ca\/wp-json\/wp\/v2\/comments?post=101733"}],"version-history":[{"count":0,"href":"https:\/\/raed.academy\/ca\/wp-json\/wp\/v2\/posts\/101733\/revisions"}],"wp:featuredmedia":[{"embeddable":true,"href":"https:\/\/raed.academy\/ca\/wp-json\/wp\/v2\/media\/101671"}],"wp:attachment":[{"href":"https:\/\/raed.academy\/ca\/wp-json\/wp\/v2\/media?parent=101733"}],"wp:term":[{"taxonomy":"category","embeddable":true,"href":"https:\/\/raed.academy\/ca\/wp-json\/wp\/v2\/categories?post=101733"},{"taxonomy":"post_tag","embeddable":true,"href":"https:\/\/raed.academy\/ca\/wp-json\/wp\/v2\/tags?post=101733"}],"curies":[{"name":"wp","href":"https:\/\/api.w.org\/{rel}","templated":true}]}}