{"id":101724,"date":"2021-04-07T19:16:00","date_gmt":"2021-04-07T19:16:00","guid":{"rendered":"https:\/\/raed.academy\/?p=101724"},"modified":"2021-04-09T08:24:33","modified_gmt":"2021-04-09T08:24:33","slug":"setze-repte-vital-la-recuperacio-de-leconomia-espanyola","status":"publish","type":"post","link":"https:\/\/raed.academy\/ca\/setze-repte-vital-la-recuperacio-de-leconomia-espanyola\/","title":{"rendered":"Setz\u00e8 repte vital: la recuperaci\u00f3 de l&#8217;economia espanyola"},"content":{"rendered":"<p><a href=\"https:\/\/raed.academy\/ca\/academics\/dr-jose-maria-gay-de-liebana-saludas\/\" target=\"_blank\" rel=\"noopener\"><strong><em>Jos\u00e9 Maria Gay de Li\u00e9bana<\/em><\/strong><\/a><br \/>\n<em>Professor de la Facultat d&#8217;Economia i Empresa de la Universitat de Barcelona i acad\u00e8mic de n\u00famero de la Reial Acad\u00e8mia Europea de Doctors-Barcelona 1914 (RAED)<\/em><\/p>\n<div id=\"attachment_61162\" style=\"width: 430px\" class=\"wp-caption alignright\"><img loading=\"lazy\" decoding=\"async\" aria-describedby=\"caption-attachment-61162\" class=\"wp-image-61162 size-full\" src=\"https:\/\/raed.academy\/wp-content\/uploads\/2018\/11\/Jose-Maria-Gay-de-Li\u00e9bana.jpg\" alt=\"Jos\u00e9 Mar\u00eda Gay de Li\u00e9bana\" width=\"420\" height=\"236\" aria-describedby=\"caption-attachment-61162\" data-attachment-id=\"61162\" data-permalink=\"https:\/\/raed.academy\/momento-actual-economia-espanola\/jose-maria-gay-de-liebana\/\" data-orig-file=\"https:\/\/raed.academy\/wp-content\/uploads\/2018\/11\/Jose-Maria-Gay-de-Li\u00e9bana.jpg\" data-orig-size=\"420,236\" data-comments-opened=\"0\" data-image-meta=\"{&quot;aperture&quot;:&quot;0&quot;,&quot;credit&quot;:&quot;&quot;,&quot;camera&quot;:&quot;&quot;,&quot;caption&quot;:&quot;&quot;,&quot;created_timestamp&quot;:&quot;0&quot;,&quot;copyright&quot;:&quot;&quot;,&quot;focal_length&quot;:&quot;0&quot;,&quot;iso&quot;:&quot;0&quot;,&quot;shutter_speed&quot;:&quot;0&quot;,&quot;title&quot;:&quot;&quot;,&quot;orientation&quot;:&quot;0&quot;}\" data-image-title=\"Jos\u00e9 Mar\u00eda Gay de Li\u00e9bana\" data-image-description=\"\" data-medium-file=\"https:\/\/raed.academy\/wp-content\/uploads\/2018\/11\/Jose-Maria-Gay-de-Li\u00e9bana.jpg\" data-large-file=\"https:\/\/raed.academy\/wp-content\/uploads\/2018\/11\/Jose-Maria-Gay-de-Li\u00e9bana.jpg\" \/><p id=\"caption-attachment-61162\" class=\"wp-caption-text\">Dr. Jos\u00e9 Mar\u00eda Gay de Li\u00e9bana<\/p><\/div>\n<p><a href=\"https:\/\/raed.academy\/ca\/academics\/dr-jose-maria-gay-de-liebana-saludas\/\" target=\"_blank\" rel=\"noopener\"><strong><em>Jos\u00e9 Maria Gay de Li\u00e9bana<\/em><\/strong><\/a>, professor de la Facultat d&#8217;Economia i Empresa de la <strong>Universitat de Barcelona<\/strong>, \u200b\u200breconegut divulgador econ\u00f2mic i acad\u00e8mic de n\u00famero de la <strong>Reial Acad\u00e8mia Europea de Doctors-Barcelona 1914<\/strong> (RAED), reflexionar\u00e0 sobre el futur paper d&#8217;Europa al mapa internacional despr\u00e9s de l&#8217;actual crisi provocada pel coronavirus a l&#8217;article <strong>&#8220;Disjuntiva econ\u00f2mica europea: desafiaments per a Espanya&#8221;<\/strong>, que presentar\u00e0 dins del marc del projecte <a href=\"https:\/\/fundacionraed.org\/retos-vitales\/\" target=\"_blank\" rel=\"noopener\"><strong>Reptes Vitals per a una Nova Era<\/strong><\/a> impulsat per la <a href=\"https:\/\/fundacionraed.org\/\" target=\"_blank\" rel=\"noopener\"><strong>Fundaci\u00f3 Pro Reial Acad\u00e8mia Europea de Doctors<\/strong><\/a> conjuntament amb la <strong>RAED<\/strong>. El primer lliurament de Reptes Vitals veur\u00e0 la llum aquest mateix mes d&#8217;abril amb l&#8217;objectiu d&#8217;establir-se com un informe pluridisciplinar anual de refer\u00e8ncia sobre la nova realitat que sorgeix despr\u00e9s de la pand\u00e8mia.<\/p>\n<p>L&#8217;acad\u00e8mic analitza al seu estudi una crisi que considera equiparable a la que va deixar un gran conflicte b\u00e8l\u00b7lic com la Segona Guerra Mundial o a l&#8217;abast de la Gran Depressi\u00f3 del 1929 o, en el cas concret d&#8217;Espanya, a l&#8217;ensorrament de l&#8217;economia a la Guerra Civil. La recuperaci\u00f3, tot i que s&#8217;afronta amb m\u00e9s garanties, la considera lenta, gradual i incerta, en funci\u00f3 de les solucions que vinguin de la m\u00e0 de les vacunes per combatre el virus i sotmesa als efectes de noves onades.<\/p>\n<p>Pel que fa a les pol\u00edtiques de recuperaci\u00f3, <strong>Gay de Li\u00e9bana<\/strong> alerta sobre el fort endeutament, que llastar\u00e0 l\u00b4economia mundial, i en particular la dels pa\u00efsos m\u00e9s endeutats -i en aquest cas apunta a Espanya-, durant les pr\u00f2ximes d\u00e8cades. La por, per a l&#8217;acad\u00e8mic, \u00e9s que despr\u00e9s de la crisi sanit\u00e0ria i l&#8217;econ\u00f2mica, agreujades per la crisi social i tamb\u00e9 pol\u00edtica, es presenti una altra greu amena\u00e7a: la d&#8217;una nova crisi financera mundial. A aquesta situaci\u00f3 no ajuda un context de tensi\u00f3 entre els dos principals actors econ\u00f2mics mundials, els Estats Units i la Xina, o el debilitament de la Uni\u00f3 Europea provocat pel Brexit i una q\u00fcestionada unitat d&#8217;acci\u00f3 pol\u00edtica, empitjorada per les pr\u00f2pies tensions internes entre el nord i el sud.<\/p>\n<p><strong><img loading=\"lazy\" decoding=\"async\" class=\"alignleft wp-image-96579\" src=\"https:\/\/raed.academy\/wp-content\/uploads\/2020\/11\/Recuperacion-economica-dst.jpg\" sizes=\"(max-width: 450px) 100vw, 450px\" srcset=\"https:\/\/raed.academy\/wp-content\/uploads\/2020\/11\/Recuperacion-economica-dst.jpg 500w, https:\/\/raed.academy\/wp-content\/uploads\/2020\/11\/Recuperacion-economica-dst-440x264.jpg 440w\" alt=\"\" width=\"450\" height=\"270\" data-attachment-id=\"96579\" data-permalink=\"https:\/\/raed.academy\/pedro-nueno-emprendimiento-jubilacion-e-igualdad-tras-la-crisis\/recuperacion-economica-dst\/\" data-orig-file=\"https:\/\/raed.academy\/wp-content\/uploads\/2020\/11\/Recuperacion-economica-dst.jpg\" data-orig-size=\"500,300\" data-comments-opened=\"0\" data-image-meta=\"{&quot;aperture&quot;:&quot;0&quot;,&quot;credit&quot;:&quot;&quot;,&quot;camera&quot;:&quot;&quot;,&quot;caption&quot;:&quot;&quot;,&quot;created_timestamp&quot;:&quot;0&quot;,&quot;copyright&quot;:&quot;&quot;,&quot;focal_length&quot;:&quot;0&quot;,&quot;iso&quot;:&quot;0&quot;,&quot;shutter_speed&quot;:&quot;0&quot;,&quot;title&quot;:&quot;&quot;,&quot;orientation&quot;:&quot;1&quot;}\" data-image-title=\"Recuperaci\u00f3n-economica-dst\" data-image-description=\"\" data-medium-file=\"https:\/\/raed.academy\/wp-content\/uploads\/2020\/11\/Recuperacion-economica-dst.jpg\" data-large-file=\"https:\/\/raed.academy\/wp-content\/uploads\/2020\/11\/Recuperacion-economica-dst.jpg\" \/>Gay de Li\u00e9bana<\/strong> es mostra especialment cr\u00edtic amb la gesti\u00f3 dels fons de recuperaci\u00f3 que ha de disposar la pr\u00f2pia Uni\u00f3 Europea, ja que considera que dif\u00edcilment podr\u00e0 accedir-hi el 95% del teixit empresarial espanyol, format per pimes i aut\u00f2noms. Aix\u00ed mateix, veu un gran problema en la manca de competitivitat que demostra l&#8217;economia espanyola, el decreixent pes de la ind\u00fastria, la constant fugida de capital hum\u00e0 o la testimonial inversi\u00f3 d&#8217;investigaci\u00f3 i desenvolupament. La desocupaci\u00f3 juvenil, la precarietat laboral o l&#8217;envelliment de la poblaci\u00f3 s\u00f3n altres xacres hist\u00f2riques contra les que no s&#8217;ha combatut i que ara es presenten com un important obstacle cap a la recuperaci\u00f3.<\/p>\n<p><a href=\"https:\/\/fundacionraed.org\/retos-vitales\/\" target=\"_blank\" rel=\"noopener\"><strong>Reptes Vitals per a una Nova Era<\/strong><\/a> inicia el seu cam\u00ed amb el comprom\u00eds de m\u00e9s d&#8217;una trentena de cient\u00edfics, entre ells diversos Premis Nobel, ex-ministres i ex-caps d&#8217;Estat, tots referents als seus \u00e0mbits d&#8217;estudi, que aportaran les seves propostes per elaborar aquest complet i nou estudi. Una rigorosa guia de l&#8217;anomenada nova realitat des de les seves m\u00faltiples arestes.<\/p>\n","protected":false},"excerpt":{"rendered":"<p>Jos\u00e9 Maria Gay de Li\u00e9bana reflexionar\u00e0 sobre el futur paper d&#8217;Europa al mapa internacional despr\u00e9s de l&#8217;actual crisi provocada pel coronavirus en l&#8217;article &#8220;Disjuntiva econ\u00f2mica europea: desafiaments per a Espanya&#8221; <\/p>\n","protected":false},"author":12,"featured_media":96580,"comment_status":"closed","ping_status":"closed","sticky":false,"template":"","format":"standard","meta":{"_et_pb_use_builder":"","_et_pb_old_content":"","_et_gb_content_width":"","footnotes":""},"categories":[268,274,304],"tags":[],"class_list":["post-101724","post","type-post","status-publish","format-standard","has-post-thumbnail","hentry","category-coronavirus-des-del-coneixement","category-economia-i-politica","category-economia-i-politica-ca","et-has-post-format-content","et_post_format-et-post-format-standard"],"yoast_head":"<!-- This site is optimized with the Yoast SEO plugin v27.4 - https:\/\/yoast.com\/product\/yoast-seo-wordpress\/ -->\n<title>Setz\u00e8 repte vital: la recuperaci\u00f3 de l&#039;economia espanyola - Reial Acad\u00e8mia Europea de Doctors<\/title>\n<meta name=\"description\" content=\"Jos\u00e9 Maria Gay de Li\u00e9bana reflexionar\u00e0, en el seu article, sobre el futur paper d&#039;Europa al mapa internacional despr\u00e9s del coronavirus\" \/>\n<meta name=\"robots\" content=\"index, follow, max-snippet:-1, max-image-preview:large, max-video-preview:-1\" \/>\n<link rel=\"canonical\" href=\"https:\/\/raed.academy\/ca\/setze-repte-vital-la-recuperacio-de-leconomia-espanyola\/\" \/>\n<meta property=\"og:locale\" content=\"ca_ES\" \/>\n<meta property=\"og:type\" content=\"article\" \/>\n<meta property=\"og:title\" content=\"Setz\u00e8 repte vital: la recuperaci\u00f3 de l&#039;economia espanyola - Reial Acad\u00e8mia Europea de Doctors\" \/>\n<meta property=\"og:description\" content=\"Jos\u00e9 Maria Gay de Li\u00e9bana reflexionar\u00e0, en el seu article, sobre el futur paper d&#039;Europa al mapa internacional despr\u00e9s del coronavirus\" \/>\n<meta property=\"og:url\" content=\"https:\/\/raed.academy\/ca\/setze-repte-vital-la-recuperacio-de-leconomia-espanyola\/\" \/>\n<meta property=\"og:site_name\" content=\"Reial Acad\u00e8mia Europea de Doctors\" \/>\n<meta property=\"article:publisher\" content=\"http:\/\/fb.me\/raed.academy\" \/>\n<meta property=\"article:published_time\" content=\"2021-04-07T19:16:00+00:00\" \/>\n<meta property=\"article:modified_time\" content=\"2021-04-09T08:24:33+00:00\" \/>\n<meta property=\"og:image\" content=\"https:\/\/raed.academy\/wp-content\/uploads\/2020\/11\/Recuperacion-economica-dst.jpg\" \/>\n\t<meta property=\"og:image:width\" content=\"500\" \/>\n\t<meta property=\"og:image:height\" content=\"300\" \/>\n\t<meta property=\"og:image:type\" content=\"image\/jpeg\" \/>\n<meta name=\"author\" content=\"RAED\" \/>\n<meta name=\"twitter:card\" content=\"summary_large_image\" \/>\n<meta name=\"twitter:creator\" content=\"@raedacademy\" \/>\n<meta name=\"twitter:site\" content=\"@raedacademy\" \/>\n<meta name=\"twitter:label1\" content=\"Written by\" \/>\n\t<meta name=\"twitter:data1\" content=\"RAED\" \/>\n\t<meta name=\"twitter:label2\" content=\"Est. reading time\" \/>\n\t<meta name=\"twitter:data2\" content=\"3 minutes\" \/>\n<script type=\"application\/ld+json\" class=\"yoast-schema-graph\">{\"@context\":\"https:\\\/\\\/schema.org\",\"@graph\":[{\"@type\":\"Article\",\"@id\":\"https:\\\/\\\/raed.academy\\\/ca\\\/setze-repte-vital-la-recuperacio-de-leconomia-espanyola\\\/#article\",\"isPartOf\":{\"@id\":\"https:\\\/\\\/raed.academy\\\/ca\\\/setze-repte-vital-la-recuperacio-de-leconomia-espanyola\\\/\"},\"author\":{\"name\":\"RAED\",\"@id\":\"https:\\\/\\\/raed.academy\\\/ca\\\/#\\\/schema\\\/person\\\/5a755da80d1d979fd66ba745c8702927\"},\"headline\":\"Setz\u00e8 repte vital: la recuperaci\u00f3 de l&#8217;economia espanyola\",\"datePublished\":\"2021-04-07T19:16:00+00:00\",\"dateModified\":\"2021-04-09T08:24:33+00:00\",\"mainEntityOfPage\":{\"@id\":\"https:\\\/\\\/raed.academy\\\/ca\\\/setze-repte-vital-la-recuperacio-de-leconomia-espanyola\\\/\"},\"wordCount\":620,\"publisher\":{\"@id\":\"https:\\\/\\\/raed.academy\\\/ca\\\/#organization\"},\"image\":{\"@id\":\"https:\\\/\\\/raed.academy\\\/ca\\\/setze-repte-vital-la-recuperacio-de-leconomia-espanyola\\\/#primaryimage\"},\"thumbnailUrl\":\"https:\\\/\\\/raed.academy\\\/wp-content\\\/uploads\\\/2020\\\/11\\\/Recuperacion-economica-dst.jpg\",\"articleSection\":[\"Coronavirus des del coneixement\",\"Economia i pol\u00edtica\",\"Economia i pol\u00edtica\"],\"inLanguage\":\"ca-ES\"},{\"@type\":\"WebPage\",\"@id\":\"https:\\\/\\\/raed.academy\\\/ca\\\/setze-repte-vital-la-recuperacio-de-leconomia-espanyola\\\/\",\"url\":\"https:\\\/\\\/raed.academy\\\/ca\\\/setze-repte-vital-la-recuperacio-de-leconomia-espanyola\\\/\",\"name\":\"Setz\u00e8 repte vital: la recuperaci\u00f3 de l'economia espanyola - Reial Acad\u00e8mia Europea de Doctors\",\"isPartOf\":{\"@id\":\"https:\\\/\\\/raed.academy\\\/ca\\\/#website\"},\"primaryImageOfPage\":{\"@id\":\"https:\\\/\\\/raed.academy\\\/ca\\\/setze-repte-vital-la-recuperacio-de-leconomia-espanyola\\\/#primaryimage\"},\"image\":{\"@id\":\"https:\\\/\\\/raed.academy\\\/ca\\\/setze-repte-vital-la-recuperacio-de-leconomia-espanyola\\\/#primaryimage\"},\"thumbnailUrl\":\"https:\\\/\\\/raed.academy\\\/wp-content\\\/uploads\\\/2020\\\/11\\\/Recuperacion-economica-dst.jpg\",\"datePublished\":\"2021-04-07T19:16:00+00:00\",\"dateModified\":\"2021-04-09T08:24:33+00:00\",\"description\":\"Jos\u00e9 Maria Gay de Li\u00e9bana reflexionar\u00e0, en el seu article, sobre el futur paper d'Europa al mapa internacional despr\u00e9s del coronavirus\",\"breadcrumb\":{\"@id\":\"https:\\\/\\\/raed.academy\\\/ca\\\/setze-repte-vital-la-recuperacio-de-leconomia-espanyola\\\/#breadcrumb\"},\"inLanguage\":\"ca-ES\",\"potentialAction\":[{\"@type\":\"ReadAction\",\"target\":[\"https:\\\/\\\/raed.academy\\\/ca\\\/setze-repte-vital-la-recuperacio-de-leconomia-espanyola\\\/\"]}]},{\"@type\":\"ImageObject\",\"inLanguage\":\"ca-ES\",\"@id\":\"https:\\\/\\\/raed.academy\\\/ca\\\/setze-repte-vital-la-recuperacio-de-leconomia-espanyola\\\/#primaryimage\",\"url\":\"https:\\\/\\\/raed.academy\\\/wp-content\\\/uploads\\\/2020\\\/11\\\/Recuperacion-economica-dst.jpg\",\"contentUrl\":\"https:\\\/\\\/raed.academy\\\/wp-content\\\/uploads\\\/2020\\\/11\\\/Recuperacion-economica-dst.jpg\",\"width\":500,\"height\":300},{\"@type\":\"BreadcrumbList\",\"@id\":\"https:\\\/\\\/raed.academy\\\/ca\\\/setze-repte-vital-la-recuperacio-de-leconomia-espanyola\\\/#breadcrumb\",\"itemListElement\":[{\"@type\":\"ListItem\",\"position\":1,\"name\":\"Inicio\",\"item\":\"https:\\\/\\\/raed.academy\\\/ca\\\/\"},{\"@type\":\"ListItem\",\"position\":2,\"name\":\"Setz\u00e8 repte vital: la recuperaci\u00f3 de l&#8217;economia espanyola\"}]},{\"@type\":\"WebSite\",\"@id\":\"https:\\\/\\\/raed.academy\\\/ca\\\/#website\",\"url\":\"https:\\\/\\\/raed.academy\\\/ca\\\/\",\"name\":\"Reial Acad\u00e8mia Europea de Doctors\",\"description\":\"Corporaci\u00f3n de derecho p\u00fablico de car\u00e1cter cient\u00edfico, t\u00e9cnico y art\u00edstico, que tiene por objeto la investigaci\u00f3n, el estudio, el fomento y la extensi\u00f3n del conocimiento en su sentido m\u00e1s amplio\",\"publisher\":{\"@id\":\"https:\\\/\\\/raed.academy\\\/ca\\\/#organization\"},\"potentialAction\":[{\"@type\":\"SearchAction\",\"target\":{\"@type\":\"EntryPoint\",\"urlTemplate\":\"https:\\\/\\\/raed.academy\\\/ca\\\/?s={search_term_string}\"},\"query-input\":{\"@type\":\"PropertyValueSpecification\",\"valueRequired\":true,\"valueName\":\"search_term_string\"}}],\"inLanguage\":\"ca-ES\"},{\"@type\":\"Organization\",\"@id\":\"https:\\\/\\\/raed.academy\\\/ca\\\/#organization\",\"name\":\"Real Academia Europea de Doctores\",\"url\":\"https:\\\/\\\/raed.academy\\\/ca\\\/\",\"logo\":{\"@type\":\"ImageObject\",\"inLanguage\":\"ca-ES\",\"@id\":\"https:\\\/\\\/raed.academy\\\/ca\\\/#\\\/schema\\\/logo\\\/image\\\/\",\"url\":\"https:\\\/\\\/raed.academy\\\/wp-content\\\/uploads\\\/2017\\\/01\\\/cropped-logo_raed.png\",\"contentUrl\":\"https:\\\/\\\/raed.academy\\\/wp-content\\\/uploads\\\/2017\\\/01\\\/cropped-logo_raed.png\",\"width\":512,\"height\":512,\"caption\":\"Real Academia Europea de Doctores\"},\"image\":{\"@id\":\"https:\\\/\\\/raed.academy\\\/ca\\\/#\\\/schema\\\/logo\\\/image\\\/\"},\"sameAs\":[\"http:\\\/\\\/fb.me\\\/raed.academy\",\"https:\\\/\\\/x.com\\\/raedacademy\",\"https:\\\/\\\/www.instagram.com\\\/raed.academy\\\/\",\"https:\\\/\\\/www.youtube.com\\\/channel\\\/UCUYQwW2KrdirNWihxMDObwg\"]},{\"@type\":\"Person\",\"@id\":\"https:\\\/\\\/raed.academy\\\/ca\\\/#\\\/schema\\\/person\\\/5a755da80d1d979fd66ba745c8702927\",\"name\":\"RAED\",\"image\":{\"@type\":\"ImageObject\",\"inLanguage\":\"ca-ES\",\"@id\":\"https:\\\/\\\/secure.gravatar.com\\\/avatar\\\/19fdfdc0d67fb9c45714b703a2ac82251c4fcea3637f002ac3c9b74c0183583c?s=96&d=mm&r=g\",\"url\":\"https:\\\/\\\/secure.gravatar.com\\\/avatar\\\/19fdfdc0d67fb9c45714b703a2ac82251c4fcea3637f002ac3c9b74c0183583c?s=96&d=mm&r=g\",\"contentUrl\":\"https:\\\/\\\/secure.gravatar.com\\\/avatar\\\/19fdfdc0d67fb9c45714b703a2ac82251c4fcea3637f002ac3c9b74c0183583c?s=96&d=mm&r=g\",\"caption\":\"RAED\"}}]}<\/script>\n<!-- \/ Yoast SEO plugin. -->","yoast_head_json":{"title":"Setz\u00e8 repte vital: la recuperaci\u00f3 de l'economia espanyola - Reial Acad\u00e8mia Europea de Doctors","description":"Jos\u00e9 Maria Gay de Li\u00e9bana reflexionar\u00e0, en el seu article, sobre el futur paper d'Europa al mapa internacional despr\u00e9s del coronavirus","robots":{"index":"index","follow":"follow","max-snippet":"max-snippet:-1","max-image-preview":"max-image-preview:large","max-video-preview":"max-video-preview:-1"},"canonical":"https:\/\/raed.academy\/ca\/setze-repte-vital-la-recuperacio-de-leconomia-espanyola\/","og_locale":"ca_ES","og_type":"article","og_title":"Setz\u00e8 repte vital: la recuperaci\u00f3 de l'economia espanyola - Reial Acad\u00e8mia Europea de Doctors","og_description":"Jos\u00e9 Maria Gay de Li\u00e9bana reflexionar\u00e0, en el seu article, sobre el futur paper d'Europa al mapa internacional despr\u00e9s del coronavirus","og_url":"https:\/\/raed.academy\/ca\/setze-repte-vital-la-recuperacio-de-leconomia-espanyola\/","og_site_name":"Reial Acad\u00e8mia Europea de Doctors","article_publisher":"http:\/\/fb.me\/raed.academy","article_published_time":"2021-04-07T19:16:00+00:00","article_modified_time":"2021-04-09T08:24:33+00:00","og_image":[{"width":500,"height":300,"url":"https:\/\/raed.academy\/wp-content\/uploads\/2020\/11\/Recuperacion-economica-dst.jpg","type":"image\/jpeg"}],"author":"RAED","twitter_card":"summary_large_image","twitter_creator":"@raedacademy","twitter_site":"@raedacademy","twitter_misc":{"Written by":"RAED","Est. reading time":"3 minutes"},"schema":{"@context":"https:\/\/schema.org","@graph":[{"@type":"Article","@id":"https:\/\/raed.academy\/ca\/setze-repte-vital-la-recuperacio-de-leconomia-espanyola\/#article","isPartOf":{"@id":"https:\/\/raed.academy\/ca\/setze-repte-vital-la-recuperacio-de-leconomia-espanyola\/"},"author":{"name":"RAED","@id":"https:\/\/raed.academy\/ca\/#\/schema\/person\/5a755da80d1d979fd66ba745c8702927"},"headline":"Setz\u00e8 repte vital: la recuperaci\u00f3 de l&#8217;economia espanyola","datePublished":"2021-04-07T19:16:00+00:00","dateModified":"2021-04-09T08:24:33+00:00","mainEntityOfPage":{"@id":"https:\/\/raed.academy\/ca\/setze-repte-vital-la-recuperacio-de-leconomia-espanyola\/"},"wordCount":620,"publisher":{"@id":"https:\/\/raed.academy\/ca\/#organization"},"image":{"@id":"https:\/\/raed.academy\/ca\/setze-repte-vital-la-recuperacio-de-leconomia-espanyola\/#primaryimage"},"thumbnailUrl":"https:\/\/raed.academy\/wp-content\/uploads\/2020\/11\/Recuperacion-economica-dst.jpg","articleSection":["Coronavirus des del coneixement","Economia i pol\u00edtica","Economia i pol\u00edtica"],"inLanguage":"ca-ES"},{"@type":"WebPage","@id":"https:\/\/raed.academy\/ca\/setze-repte-vital-la-recuperacio-de-leconomia-espanyola\/","url":"https:\/\/raed.academy\/ca\/setze-repte-vital-la-recuperacio-de-leconomia-espanyola\/","name":"Setz\u00e8 repte vital: la recuperaci\u00f3 de l'economia espanyola - Reial Acad\u00e8mia Europea de Doctors","isPartOf":{"@id":"https:\/\/raed.academy\/ca\/#website"},"primaryImageOfPage":{"@id":"https:\/\/raed.academy\/ca\/setze-repte-vital-la-recuperacio-de-leconomia-espanyola\/#primaryimage"},"image":{"@id":"https:\/\/raed.academy\/ca\/setze-repte-vital-la-recuperacio-de-leconomia-espanyola\/#primaryimage"},"thumbnailUrl":"https:\/\/raed.academy\/wp-content\/uploads\/2020\/11\/Recuperacion-economica-dst.jpg","datePublished":"2021-04-07T19:16:00+00:00","dateModified":"2021-04-09T08:24:33+00:00","description":"Jos\u00e9 Maria Gay de Li\u00e9bana reflexionar\u00e0, en el seu article, sobre el futur paper d'Europa al mapa internacional despr\u00e9s del coronavirus","breadcrumb":{"@id":"https:\/\/raed.academy\/ca\/setze-repte-vital-la-recuperacio-de-leconomia-espanyola\/#breadcrumb"},"inLanguage":"ca-ES","potentialAction":[{"@type":"ReadAction","target":["https:\/\/raed.academy\/ca\/setze-repte-vital-la-recuperacio-de-leconomia-espanyola\/"]}]},{"@type":"ImageObject","inLanguage":"ca-ES","@id":"https:\/\/raed.academy\/ca\/setze-repte-vital-la-recuperacio-de-leconomia-espanyola\/#primaryimage","url":"https:\/\/raed.academy\/wp-content\/uploads\/2020\/11\/Recuperacion-economica-dst.jpg","contentUrl":"https:\/\/raed.academy\/wp-content\/uploads\/2020\/11\/Recuperacion-economica-dst.jpg","width":500,"height":300},{"@type":"BreadcrumbList","@id":"https:\/\/raed.academy\/ca\/setze-repte-vital-la-recuperacio-de-leconomia-espanyola\/#breadcrumb","itemListElement":[{"@type":"ListItem","position":1,"name":"Inicio","item":"https:\/\/raed.academy\/ca\/"},{"@type":"ListItem","position":2,"name":"Setz\u00e8 repte vital: la recuperaci\u00f3 de l&#8217;economia espanyola"}]},{"@type":"WebSite","@id":"https:\/\/raed.academy\/ca\/#website","url":"https:\/\/raed.academy\/ca\/","name":"Reial Acad\u00e8mia Europea de Doctors","description":"Corporaci\u00f3n de derecho p\u00fablico de car\u00e1cter cient\u00edfico, t\u00e9cnico y art\u00edstico, que tiene por objeto la investigaci\u00f3n, el estudio, el fomento y la extensi\u00f3n del conocimiento en su sentido m\u00e1s amplio","publisher":{"@id":"https:\/\/raed.academy\/ca\/#organization"},"potentialAction":[{"@type":"SearchAction","target":{"@type":"EntryPoint","urlTemplate":"https:\/\/raed.academy\/ca\/?s={search_term_string}"},"query-input":{"@type":"PropertyValueSpecification","valueRequired":true,"valueName":"search_term_string"}}],"inLanguage":"ca-ES"},{"@type":"Organization","@id":"https:\/\/raed.academy\/ca\/#organization","name":"Real Academia Europea de Doctores","url":"https:\/\/raed.academy\/ca\/","logo":{"@type":"ImageObject","inLanguage":"ca-ES","@id":"https:\/\/raed.academy\/ca\/#\/schema\/logo\/image\/","url":"https:\/\/raed.academy\/wp-content\/uploads\/2017\/01\/cropped-logo_raed.png","contentUrl":"https:\/\/raed.academy\/wp-content\/uploads\/2017\/01\/cropped-logo_raed.png","width":512,"height":512,"caption":"Real Academia Europea de Doctores"},"image":{"@id":"https:\/\/raed.academy\/ca\/#\/schema\/logo\/image\/"},"sameAs":["http:\/\/fb.me\/raed.academy","https:\/\/x.com\/raedacademy","https:\/\/www.instagram.com\/raed.academy\/","https:\/\/www.youtube.com\/channel\/UCUYQwW2KrdirNWihxMDObwg"]},{"@type":"Person","@id":"https:\/\/raed.academy\/ca\/#\/schema\/person\/5a755da80d1d979fd66ba745c8702927","name":"RAED","image":{"@type":"ImageObject","inLanguage":"ca-ES","@id":"https:\/\/secure.gravatar.com\/avatar\/19fdfdc0d67fb9c45714b703a2ac82251c4fcea3637f002ac3c9b74c0183583c?s=96&d=mm&r=g","url":"https:\/\/secure.gravatar.com\/avatar\/19fdfdc0d67fb9c45714b703a2ac82251c4fcea3637f002ac3c9b74c0183583c?s=96&d=mm&r=g","contentUrl":"https:\/\/secure.gravatar.com\/avatar\/19fdfdc0d67fb9c45714b703a2ac82251c4fcea3637f002ac3c9b74c0183583c?s=96&d=mm&r=g","caption":"RAED"}}]}},"_links":{"self":[{"href":"https:\/\/raed.academy\/ca\/wp-json\/wp\/v2\/posts\/101724","targetHints":{"allow":["GET"]}}],"collection":[{"href":"https:\/\/raed.academy\/ca\/wp-json\/wp\/v2\/posts"}],"about":[{"href":"https:\/\/raed.academy\/ca\/wp-json\/wp\/v2\/types\/post"}],"author":[{"embeddable":true,"href":"https:\/\/raed.academy\/ca\/wp-json\/wp\/v2\/users\/12"}],"replies":[{"embeddable":true,"href":"https:\/\/raed.academy\/ca\/wp-json\/wp\/v2\/comments?post=101724"}],"version-history":[{"count":0,"href":"https:\/\/raed.academy\/ca\/wp-json\/wp\/v2\/posts\/101724\/revisions"}],"wp:featuredmedia":[{"embeddable":true,"href":"https:\/\/raed.academy\/ca\/wp-json\/wp\/v2\/media\/96580"}],"wp:attachment":[{"href":"https:\/\/raed.academy\/ca\/wp-json\/wp\/v2\/media?parent=101724"}],"wp:term":[{"taxonomy":"category","embeddable":true,"href":"https:\/\/raed.academy\/ca\/wp-json\/wp\/v2\/categories?post=101724"},{"taxonomy":"post_tag","embeddable":true,"href":"https:\/\/raed.academy\/ca\/wp-json\/wp\/v2\/tags?post=101724"}],"curies":[{"name":"wp","href":"https:\/\/api.w.org\/{rel}","templated":true}]}}