{"id":101562,"date":"2021-04-01T22:25:09","date_gmt":"2021-04-01T22:25:09","guid":{"rendered":"https:\/\/raed.academy\/?p=101562"},"modified":"2021-04-03T13:44:03","modified_gmt":"2021-04-03T13:44:03","slug":"resoldre-el-passat-per-poder-mirar-al-futur-crims-del-franquisme","status":"publish","type":"post","link":"https:\/\/raed.academy\/ca\/resoldre-el-passat-per-poder-mirar-al-futur-crims-del-franquisme\/","title":{"rendered":"Resoldre el passat per poder mirar al futur"},"content":{"rendered":"<p><a href=\"https:\/\/raed.academy\/ca\/academics\/dr-santiago-jose-castella-surribas\/\" target=\"_blank\" rel=\"noopener\"><strong><em>Santiago Castell\u00e0<\/em><\/strong><\/a><br \/>\n<em>Senador, director de la C\u00e0tedra Tarragona Smart Mediterranean City de la Universitat Rovira i Virgili, acad\u00e8mic de n\u00famero de la Reial Acad\u00e8mia Europea de Doctors-Barcelona 1914 (RAED) i secretari general de la Fundaci\u00f3 Pro Reial Acad\u00e8mia Europea de Doctors<\/em><\/p>\n<p><img loading=\"lazy\" decoding=\"async\" class=\"wp-image-64744 alignleft\" src=\"https:\/\/raed.academy\/wp-content\/uploads\/2019\/01\/Santiago-Jose-Castella-debate-Laicidad-Francia-Espa\u00f1a-v2.jpg\" alt=\"Santiago Jos\u00e9 Castell\u00e0 - Debate sobre Laicidad en Francia y Espa\u00f1a\" width=\"270\" height=\"405\" aria-describedby=\"caption-attachment-64744\" data-attachment-id=\"64744\" data-permalink=\"https:\/\/raed.academy\/laicidad-y-democracia\/santiago-jose-castella-debate-laicidad-francia-espana-v2\/\" data-orig-file=\"https:\/\/raed.academy\/wp-content\/uploads\/2019\/01\/Santiago-Jose-Castella-debate-Laicidad-Francia-Espa\u00f1a-v2.jpg\" data-orig-size=\"400,600\" data-comments-opened=\"0\" data-image-meta=\"{&quot;aperture&quot;:&quot;0&quot;,&quot;credit&quot;:&quot;&quot;,&quot;camera&quot;:&quot;&quot;,&quot;caption&quot;:&quot;&quot;,&quot;created_timestamp&quot;:&quot;0&quot;,&quot;copyright&quot;:&quot;&quot;,&quot;focal_length&quot;:&quot;0&quot;,&quot;iso&quot;:&quot;0&quot;,&quot;shutter_speed&quot;:&quot;0&quot;,&quot;title&quot;:&quot;&quot;,&quot;orientation&quot;:&quot;0&quot;}\" data-image-title=\"Santiago Jos\u00e9 Castell\u00e0 \u2013 Debate sobre Laicidad en Francia y Espa\u00f1a\" data-image-description=\"&lt;p&gt;Santiago Jos\u00e9 Castell\u00e0 \u2013 Debate sobre Laicidad en Francia y Espa\u00f1a&lt;\/p&gt; \" data-medium-file=\"https:\/\/raed.academy\/wp-content\/uploads\/2019\/01\/Santiago-Jose-Castella-debate-Laicidad-Francia-Espa\u00f1a-v2.jpg\" data-large-file=\"https:\/\/raed.academy\/wp-content\/uploads\/2019\/01\/Santiago-Jose-Castella-debate-Laicidad-Francia-Espa\u00f1a-v2.jpg\" \/>El senador <a href=\"https:\/\/raed.academy\/ca\/academics\/dr-santiago-jose-castella-surribas\/\" target=\"_blank\" rel=\"noopener\"><strong><em>Santiago Castell\u00e0<\/em><\/strong><\/a>, director de la <strong>C\u00e0tedra Tarragona Smart Mediterranean City<\/strong> de la <strong>Universitat Rovira i Virgili<\/strong>, acad\u00e8mic de n\u00famero de la <strong>Reial Acad\u00e8mia Europea de Doctors-Barcelona 1914<\/strong> (RAED) i secretari general de la <strong>Fundaci\u00f3 Pro Reial Acad\u00e8mia Europea de Doctors<\/strong>, va participar el passat 24 de mar\u00e7 a la commemoraci\u00f3 que es va realitzar a fer mitjan\u00e7ant la plataforma <strong>Zoom<\/strong> del <strong>Dia Internacional del Dret a la Veritat<\/strong> organitzat per la <a href=\"https:\/\/comisionverdadfranquismo.com\/\" target=\"_blank\" rel=\"noopener\"><strong>Plataforma Comissi\u00f3 de la Veritat<\/strong><\/a>. L&#8217;acte tamb\u00e9 va comptar amb la participaci\u00f3 de <strong>Pilar Llop<\/strong>, presidenta del <strong>Senat<\/strong>; <strong>Fernando Mart\u00ednez<\/strong>, secretari d&#8217;Estat de <strong>Mem\u00f2ria Democr\u00e0tica<\/strong>; <strong>Fabi\u00e1n Salvioli<\/strong>, relator especial sobre la <strong>Promoci\u00f3 de la Veritat, la Just\u00edcia, la Reparaci\u00f3 i Garanties de no Repetici\u00f3<\/strong>; els tamb\u00e9 senadors <strong>Ander Gil<\/strong> (PSOE), <strong>Estefan\u00eda Beltr\u00e1n<\/strong> (EAJ-PNB), <strong>Eli Huegun<\/strong> (EAJ-PNB) i <strong>Sara Vila<\/strong> (ECP), i els membres de la Plataforma <strong>Baltasar Garz\u00f3n<\/strong>, <strong>Joan Garc\u00e9s<\/strong>, <strong>Araceli Manj\u00f3n-Cabeza<\/strong>, <strong>Carlos Vill\u00e1n<\/strong>, <strong>Manuel de la Rocha<\/strong>, <strong>Cristina Almeida<\/strong> i <strong>Jaime Ruiz<\/strong>.<\/p>\n<p>La <a href=\"https:\/\/comisionverdadfranquismo.com\/\" target=\"_blank\" rel=\"noopener\"><strong>Plataforma Comissi\u00f3 de la Veritat<\/strong><\/a> reclama la investigaci\u00f3 i reparaci\u00f3 legal dels crims comesos durant la dictadura franquista i la constituci\u00f3 d&#8217;una <strong>Comissi\u00f3 de la Veritat<\/strong> a inst\u00e0ncies del <strong>Congr\u00e9s dels Diputats<\/strong> i el Senat que aclareixi molts dels fets delictius del r\u00e8gim. Aix\u00ed mateix, reclama una investigaci\u00f3 sobre els desapareguts i exhumaci\u00f3 de les restes de les v\u00edctimes per compte de l&#8217;Estat, la rehabilitaci\u00f3 dels exiliats i depurats per la repressi\u00f3, la investigaci\u00f3 i esclariment el robatori de nens, la devoluci\u00f3 dels patrimonis espoliats pel franquisme, la tipificaci\u00f3 com a delicte de l&#8217;exaltaci\u00f3 de la dictadura franquista i d&#8217;aquelles iniciatives que suposin apologia del franquisme, el reconeixement i esclariment del treball for\u00e7\u00f3s durant l&#8217;\u00e8poca franquista o la derogaci\u00f3 de tota la legislaci\u00f3 i disposici\u00f3 legals que impedeixen o limiten l&#8217;acc\u00e9s a la documentaci\u00f3 i arxius de el per\u00edode franquista, 1936-1978, entre d&#8217;altres aspectes.<\/p>\n<p><img loading=\"lazy\" decoding=\"async\" class=\"alignright size-full wp-image-101493\" src=\"https:\/\/raed.academy\/wp-content\/uploads\/2021\/03\/franquismo-dst.jpg\" sizes=\"(max-width: 600px) 100vw, 600px\" srcset=\"https:\/\/raed.academy\/wp-content\/uploads\/2021\/03\/franquismo-dst.jpg 600w, https:\/\/raed.academy\/wp-content\/uploads\/2021\/03\/franquismo-dst-440x264.jpg 440w\" alt=\"\" width=\"600\" height=\"360\" data-attachment-id=\"101493\" data-permalink=\"https:\/\/raed.academy\/investigacion-reparacion-legal-crimenes-del-franquismo\/franquismo-dst\/\" data-orig-file=\"https:\/\/raed.academy\/wp-content\/uploads\/2021\/03\/franquismo-dst.jpg\" data-orig-size=\"600,360\" data-comments-opened=\"0\" data-image-meta=\"{&quot;aperture&quot;:&quot;0&quot;,&quot;credit&quot;:&quot;&quot;,&quot;camera&quot;:&quot;&quot;,&quot;caption&quot;:&quot;&quot;,&quot;created_timestamp&quot;:&quot;0&quot;,&quot;copyright&quot;:&quot;&quot;,&quot;focal_length&quot;:&quot;0&quot;,&quot;iso&quot;:&quot;0&quot;,&quot;shutter_speed&quot;:&quot;0&quot;,&quot;title&quot;:&quot;&quot;,&quot;orientation&quot;:&quot;0&quot;}\" data-image-title=\"franquismo-dst\" data-image-description=\"\" data-medium-file=\"https:\/\/raed.academy\/wp-content\/uploads\/2021\/03\/franquismo-dst.jpg\" data-large-file=\"https:\/\/raed.academy\/wp-content\/uploads\/2021\/03\/franquismo-dst.jpg\" \/>De la mateixa manera, la Plataforma insta a incloure els continguts educatius de tots els nivells de l&#8217;ensenyament el coneixement de la hist\u00f2ria democr\u00e0tica d&#8217;Espanya i la de tots els referents de defensa de les llibertats i els drets humans al passat. L&#8217;entitat, aix\u00ed mateix, denuncia la no implementaci\u00f3 de la llei de <strong>Mem\u00f2ria Hist\u00f2rica<\/strong>, &#8220;el que suposa un atemptat al principi de legalitat, pilar b\u00e0sic del nostre Estat de Dret. Alhora, reiterem la necessitat de modificar i aprofundir la llei i, en aquest sentit, valorem positivament els esfor\u00e7os de diverses forces pol\u00edtiques per reformar la llei de Mem\u00f2ria Hist\u00f2rica, amb un marc normatiu que ha mostrat ser insuficient m\u00e9s de deu anys despr\u00e9s de la seva aprovaci\u00f3&#8221;.<\/p>\n<p>El <strong>Dia Internacional de Dret a la Veritat en Relaci\u00f3 amb Violacions Greus dels Drets Humans i de la Dignitat de les V\u00edctimes<\/strong> ser institu\u00eft per l&#8217;<strong>Assemblea General<\/strong> de les <strong>Nacions Unides<\/strong> l&#8217;any 2010 amb el prop\u00f2sit de &#8220;promoure la mem\u00f2ria de les v\u00edctimes de violacions greus i sistem\u00e0tiques dels drets humans i la import\u00e0ncia del dret a la veritat i a la just\u00edcia i retre tribut als que han dedicat la seva vida a la lluita per promoure i protegir els drets humans i als que l&#8217;han perduda en aquest afany&#8221;, amb un record espec\u00edfic per monsenyor <strong>\u00d3scar Romero<\/strong>, assassinat a El Salvador el 1980.<\/p>\n<p>Doctor en Dret Internacional P\u00fablic per la <strong>Universitat de Barcelona<\/strong>, \u200b\u200bCastell\u00e0 ha exercit durant 25 anys com a professor de Departament de Dret P\u00fablic de la Universitat Rovira i Virgili, on tamb\u00e9 ha estat deg\u00e0 de la Facultat de Ci\u00e8ncies Jur\u00eddiques, vice-rector de Relacions Externes i Internacionals, director del <strong>M\u00e0ster de Dret Ambiental<\/strong>, del <strong>M\u00e0ster en Gesti\u00f3 Global de la Immigraci\u00f3<\/strong>, del <strong>M\u00e0ster en Cooperaci\u00f3 Internacional al Desenvolupament<\/strong> i del <strong>M\u00e0ster en Just\u00edcia Penal Internacional<\/strong>.<\/p>\n","protected":false},"excerpt":{"rendered":"<p>Santiago Castell\u00e0 participa en la commemoraci\u00f3 del Dia Internacional del Dret a la Veritat, organitzat per la Plataforma Comissi\u00f3 de la Veritat, que reclama la investigaci\u00f3 i reparaci\u00f3 legal dels crims del franquisme<\/p>\n","protected":false},"author":12,"featured_media":101494,"comment_status":"closed","ping_status":"closed","sticky":false,"template":"","format":"standard","meta":{"_et_pb_use_builder":"","_et_pb_old_content":"","_et_gb_content_width":"","footnotes":""},"categories":[225,242],"tags":[],"class_list":["post-101562","post","type-post","status-publish","format-standard","has-post-thumbnail","hentry","category-dret","category-categ-historia","et-has-post-format-content","et_post_format-et-post-format-standard"],"yoast_head":"<!-- This site is optimized with the Yoast SEO plugin v27.4 - https:\/\/yoast.com\/product\/yoast-seo-wordpress\/ -->\n<title>Resoldre el passat per poder mirar al futur - Reial Acad\u00e8mia Europea de Doctors<\/title>\n<meta name=\"description\" content=\"Commemoraci\u00f3 organitzada per la Plataforma Comissi\u00f3 de la Veritat, que reclama la investigaci\u00f3 i reparaci\u00f3 legal dels crims del franquisme\" \/>\n<meta name=\"robots\" content=\"index, follow, max-snippet:-1, max-image-preview:large, max-video-preview:-1\" \/>\n<link rel=\"canonical\" href=\"https:\/\/raed.academy\/ca\/resoldre-el-passat-per-poder-mirar-al-futur-crims-del-franquisme\/\" \/>\n<meta property=\"og:locale\" content=\"ca_ES\" \/>\n<meta property=\"og:type\" content=\"article\" \/>\n<meta property=\"og:title\" content=\"Resoldre el passat per poder mirar al futur - Reial Acad\u00e8mia Europea de Doctors\" \/>\n<meta property=\"og:description\" content=\"Commemoraci\u00f3 organitzada per la Plataforma Comissi\u00f3 de la Veritat, que reclama la investigaci\u00f3 i reparaci\u00f3 legal dels crims del franquisme\" \/>\n<meta property=\"og:url\" content=\"https:\/\/raed.academy\/ca\/resoldre-el-passat-per-poder-mirar-al-futur-crims-del-franquisme\/\" \/>\n<meta property=\"og:site_name\" content=\"Reial Acad\u00e8mia Europea de Doctors\" \/>\n<meta property=\"article:publisher\" content=\"http:\/\/fb.me\/raed.academy\" \/>\n<meta property=\"article:published_time\" content=\"2021-04-01T22:25:09+00:00\" \/>\n<meta property=\"article:modified_time\" content=\"2021-04-03T13:44:03+00:00\" \/>\n<meta property=\"og:image\" content=\"https:\/\/raed.academy\/wp-content\/uploads\/2021\/03\/franquismo-dst.jpg\" \/>\n\t<meta property=\"og:image:width\" content=\"600\" \/>\n\t<meta property=\"og:image:height\" content=\"360\" \/>\n\t<meta property=\"og:image:type\" content=\"image\/jpeg\" \/>\n<meta name=\"author\" content=\"RAED\" \/>\n<meta name=\"twitter:card\" content=\"summary_large_image\" \/>\n<meta name=\"twitter:creator\" content=\"@raedacademy\" \/>\n<meta name=\"twitter:site\" content=\"@raedacademy\" \/>\n<meta name=\"twitter:label1\" content=\"Written by\" \/>\n\t<meta name=\"twitter:data1\" content=\"RAED\" \/>\n\t<meta name=\"twitter:label2\" content=\"Est. reading time\" \/>\n\t<meta name=\"twitter:data2\" content=\"4 minutes\" \/>\n<script type=\"application\/ld+json\" class=\"yoast-schema-graph\">{\"@context\":\"https:\\\/\\\/schema.org\",\"@graph\":[{\"@type\":\"Article\",\"@id\":\"https:\\\/\\\/raed.academy\\\/ca\\\/resoldre-el-passat-per-poder-mirar-al-futur-crims-del-franquisme\\\/#article\",\"isPartOf\":{\"@id\":\"https:\\\/\\\/raed.academy\\\/ca\\\/resoldre-el-passat-per-poder-mirar-al-futur-crims-del-franquisme\\\/\"},\"author\":{\"name\":\"RAED\",\"@id\":\"https:\\\/\\\/raed.academy\\\/ca\\\/#\\\/schema\\\/person\\\/5a755da80d1d979fd66ba745c8702927\"},\"headline\":\"Resoldre el passat per poder mirar al futur\",\"datePublished\":\"2021-04-01T22:25:09+00:00\",\"dateModified\":\"2021-04-03T13:44:03+00:00\",\"mainEntityOfPage\":{\"@id\":\"https:\\\/\\\/raed.academy\\\/ca\\\/resoldre-el-passat-per-poder-mirar-al-futur-crims-del-franquisme\\\/\"},\"wordCount\":716,\"publisher\":{\"@id\":\"https:\\\/\\\/raed.academy\\\/ca\\\/#organization\"},\"image\":{\"@id\":\"https:\\\/\\\/raed.academy\\\/ca\\\/resoldre-el-passat-per-poder-mirar-al-futur-crims-del-franquisme\\\/#primaryimage\"},\"thumbnailUrl\":\"https:\\\/\\\/raed.academy\\\/wp-content\\\/uploads\\\/2021\\\/03\\\/franquismo-dst.jpg\",\"articleSection\":[\"Dret\",\"Hist\u00f2ria\"],\"inLanguage\":\"ca-ES\"},{\"@type\":\"WebPage\",\"@id\":\"https:\\\/\\\/raed.academy\\\/ca\\\/resoldre-el-passat-per-poder-mirar-al-futur-crims-del-franquisme\\\/\",\"url\":\"https:\\\/\\\/raed.academy\\\/ca\\\/resoldre-el-passat-per-poder-mirar-al-futur-crims-del-franquisme\\\/\",\"name\":\"Resoldre el passat per poder mirar al futur - Reial Acad\u00e8mia Europea de Doctors\",\"isPartOf\":{\"@id\":\"https:\\\/\\\/raed.academy\\\/ca\\\/#website\"},\"primaryImageOfPage\":{\"@id\":\"https:\\\/\\\/raed.academy\\\/ca\\\/resoldre-el-passat-per-poder-mirar-al-futur-crims-del-franquisme\\\/#primaryimage\"},\"image\":{\"@id\":\"https:\\\/\\\/raed.academy\\\/ca\\\/resoldre-el-passat-per-poder-mirar-al-futur-crims-del-franquisme\\\/#primaryimage\"},\"thumbnailUrl\":\"https:\\\/\\\/raed.academy\\\/wp-content\\\/uploads\\\/2021\\\/03\\\/franquismo-dst.jpg\",\"datePublished\":\"2021-04-01T22:25:09+00:00\",\"dateModified\":\"2021-04-03T13:44:03+00:00\",\"description\":\"Commemoraci\u00f3 organitzada per la Plataforma Comissi\u00f3 de la Veritat, que reclama la investigaci\u00f3 i reparaci\u00f3 legal dels crims del franquisme\",\"breadcrumb\":{\"@id\":\"https:\\\/\\\/raed.academy\\\/ca\\\/resoldre-el-passat-per-poder-mirar-al-futur-crims-del-franquisme\\\/#breadcrumb\"},\"inLanguage\":\"ca-ES\",\"potentialAction\":[{\"@type\":\"ReadAction\",\"target\":[\"https:\\\/\\\/raed.academy\\\/ca\\\/resoldre-el-passat-per-poder-mirar-al-futur-crims-del-franquisme\\\/\"]}]},{\"@type\":\"ImageObject\",\"inLanguage\":\"ca-ES\",\"@id\":\"https:\\\/\\\/raed.academy\\\/ca\\\/resoldre-el-passat-per-poder-mirar-al-futur-crims-del-franquisme\\\/#primaryimage\",\"url\":\"https:\\\/\\\/raed.academy\\\/wp-content\\\/uploads\\\/2021\\\/03\\\/franquismo-dst.jpg\",\"contentUrl\":\"https:\\\/\\\/raed.academy\\\/wp-content\\\/uploads\\\/2021\\\/03\\\/franquismo-dst.jpg\",\"width\":600,\"height\":360},{\"@type\":\"BreadcrumbList\",\"@id\":\"https:\\\/\\\/raed.academy\\\/ca\\\/resoldre-el-passat-per-poder-mirar-al-futur-crims-del-franquisme\\\/#breadcrumb\",\"itemListElement\":[{\"@type\":\"ListItem\",\"position\":1,\"name\":\"Inicio\",\"item\":\"https:\\\/\\\/raed.academy\\\/ca\\\/\"},{\"@type\":\"ListItem\",\"position\":2,\"name\":\"Resoldre el passat per poder mirar al futur\"}]},{\"@type\":\"WebSite\",\"@id\":\"https:\\\/\\\/raed.academy\\\/ca\\\/#website\",\"url\":\"https:\\\/\\\/raed.academy\\\/ca\\\/\",\"name\":\"Reial Acad\u00e8mia Europea de Doctors\",\"description\":\"Corporaci\u00f3n de derecho p\u00fablico de car\u00e1cter cient\u00edfico, t\u00e9cnico y art\u00edstico, que tiene por objeto la investigaci\u00f3n, el estudio, el fomento y la extensi\u00f3n del conocimiento en su sentido m\u00e1s amplio\",\"publisher\":{\"@id\":\"https:\\\/\\\/raed.academy\\\/ca\\\/#organization\"},\"potentialAction\":[{\"@type\":\"SearchAction\",\"target\":{\"@type\":\"EntryPoint\",\"urlTemplate\":\"https:\\\/\\\/raed.academy\\\/ca\\\/?s={search_term_string}\"},\"query-input\":{\"@type\":\"PropertyValueSpecification\",\"valueRequired\":true,\"valueName\":\"search_term_string\"}}],\"inLanguage\":\"ca-ES\"},{\"@type\":\"Organization\",\"@id\":\"https:\\\/\\\/raed.academy\\\/ca\\\/#organization\",\"name\":\"Real Academia Europea de Doctores\",\"url\":\"https:\\\/\\\/raed.academy\\\/ca\\\/\",\"logo\":{\"@type\":\"ImageObject\",\"inLanguage\":\"ca-ES\",\"@id\":\"https:\\\/\\\/raed.academy\\\/ca\\\/#\\\/schema\\\/logo\\\/image\\\/\",\"url\":\"https:\\\/\\\/raed.academy\\\/wp-content\\\/uploads\\\/2017\\\/01\\\/cropped-logo_raed.png\",\"contentUrl\":\"https:\\\/\\\/raed.academy\\\/wp-content\\\/uploads\\\/2017\\\/01\\\/cropped-logo_raed.png\",\"width\":512,\"height\":512,\"caption\":\"Real Academia Europea de Doctores\"},\"image\":{\"@id\":\"https:\\\/\\\/raed.academy\\\/ca\\\/#\\\/schema\\\/logo\\\/image\\\/\"},\"sameAs\":[\"http:\\\/\\\/fb.me\\\/raed.academy\",\"https:\\\/\\\/x.com\\\/raedacademy\",\"https:\\\/\\\/www.instagram.com\\\/raed.academy\\\/\",\"https:\\\/\\\/www.youtube.com\\\/channel\\\/UCUYQwW2KrdirNWihxMDObwg\"]},{\"@type\":\"Person\",\"@id\":\"https:\\\/\\\/raed.academy\\\/ca\\\/#\\\/schema\\\/person\\\/5a755da80d1d979fd66ba745c8702927\",\"name\":\"RAED\",\"image\":{\"@type\":\"ImageObject\",\"inLanguage\":\"ca-ES\",\"@id\":\"https:\\\/\\\/secure.gravatar.com\\\/avatar\\\/19fdfdc0d67fb9c45714b703a2ac82251c4fcea3637f002ac3c9b74c0183583c?s=96&d=mm&r=g\",\"url\":\"https:\\\/\\\/secure.gravatar.com\\\/avatar\\\/19fdfdc0d67fb9c45714b703a2ac82251c4fcea3637f002ac3c9b74c0183583c?s=96&d=mm&r=g\",\"contentUrl\":\"https:\\\/\\\/secure.gravatar.com\\\/avatar\\\/19fdfdc0d67fb9c45714b703a2ac82251c4fcea3637f002ac3c9b74c0183583c?s=96&d=mm&r=g\",\"caption\":\"RAED\"}}]}<\/script>\n<!-- \/ Yoast SEO plugin. -->","yoast_head_json":{"title":"Resoldre el passat per poder mirar al futur - Reial Acad\u00e8mia Europea de Doctors","description":"Commemoraci\u00f3 organitzada per la Plataforma Comissi\u00f3 de la Veritat, que reclama la investigaci\u00f3 i reparaci\u00f3 legal dels crims del franquisme","robots":{"index":"index","follow":"follow","max-snippet":"max-snippet:-1","max-image-preview":"max-image-preview:large","max-video-preview":"max-video-preview:-1"},"canonical":"https:\/\/raed.academy\/ca\/resoldre-el-passat-per-poder-mirar-al-futur-crims-del-franquisme\/","og_locale":"ca_ES","og_type":"article","og_title":"Resoldre el passat per poder mirar al futur - Reial Acad\u00e8mia Europea de Doctors","og_description":"Commemoraci\u00f3 organitzada per la Plataforma Comissi\u00f3 de la Veritat, que reclama la investigaci\u00f3 i reparaci\u00f3 legal dels crims del franquisme","og_url":"https:\/\/raed.academy\/ca\/resoldre-el-passat-per-poder-mirar-al-futur-crims-del-franquisme\/","og_site_name":"Reial Acad\u00e8mia Europea de Doctors","article_publisher":"http:\/\/fb.me\/raed.academy","article_published_time":"2021-04-01T22:25:09+00:00","article_modified_time":"2021-04-03T13:44:03+00:00","og_image":[{"width":600,"height":360,"url":"https:\/\/raed.academy\/wp-content\/uploads\/2021\/03\/franquismo-dst.jpg","type":"image\/jpeg"}],"author":"RAED","twitter_card":"summary_large_image","twitter_creator":"@raedacademy","twitter_site":"@raedacademy","twitter_misc":{"Written by":"RAED","Est. reading time":"4 minutes"},"schema":{"@context":"https:\/\/schema.org","@graph":[{"@type":"Article","@id":"https:\/\/raed.academy\/ca\/resoldre-el-passat-per-poder-mirar-al-futur-crims-del-franquisme\/#article","isPartOf":{"@id":"https:\/\/raed.academy\/ca\/resoldre-el-passat-per-poder-mirar-al-futur-crims-del-franquisme\/"},"author":{"name":"RAED","@id":"https:\/\/raed.academy\/ca\/#\/schema\/person\/5a755da80d1d979fd66ba745c8702927"},"headline":"Resoldre el passat per poder mirar al futur","datePublished":"2021-04-01T22:25:09+00:00","dateModified":"2021-04-03T13:44:03+00:00","mainEntityOfPage":{"@id":"https:\/\/raed.academy\/ca\/resoldre-el-passat-per-poder-mirar-al-futur-crims-del-franquisme\/"},"wordCount":716,"publisher":{"@id":"https:\/\/raed.academy\/ca\/#organization"},"image":{"@id":"https:\/\/raed.academy\/ca\/resoldre-el-passat-per-poder-mirar-al-futur-crims-del-franquisme\/#primaryimage"},"thumbnailUrl":"https:\/\/raed.academy\/wp-content\/uploads\/2021\/03\/franquismo-dst.jpg","articleSection":["Dret","Hist\u00f2ria"],"inLanguage":"ca-ES"},{"@type":"WebPage","@id":"https:\/\/raed.academy\/ca\/resoldre-el-passat-per-poder-mirar-al-futur-crims-del-franquisme\/","url":"https:\/\/raed.academy\/ca\/resoldre-el-passat-per-poder-mirar-al-futur-crims-del-franquisme\/","name":"Resoldre el passat per poder mirar al futur - Reial Acad\u00e8mia Europea de Doctors","isPartOf":{"@id":"https:\/\/raed.academy\/ca\/#website"},"primaryImageOfPage":{"@id":"https:\/\/raed.academy\/ca\/resoldre-el-passat-per-poder-mirar-al-futur-crims-del-franquisme\/#primaryimage"},"image":{"@id":"https:\/\/raed.academy\/ca\/resoldre-el-passat-per-poder-mirar-al-futur-crims-del-franquisme\/#primaryimage"},"thumbnailUrl":"https:\/\/raed.academy\/wp-content\/uploads\/2021\/03\/franquismo-dst.jpg","datePublished":"2021-04-01T22:25:09+00:00","dateModified":"2021-04-03T13:44:03+00:00","description":"Commemoraci\u00f3 organitzada per la Plataforma Comissi\u00f3 de la Veritat, que reclama la investigaci\u00f3 i reparaci\u00f3 legal dels crims del franquisme","breadcrumb":{"@id":"https:\/\/raed.academy\/ca\/resoldre-el-passat-per-poder-mirar-al-futur-crims-del-franquisme\/#breadcrumb"},"inLanguage":"ca-ES","potentialAction":[{"@type":"ReadAction","target":["https:\/\/raed.academy\/ca\/resoldre-el-passat-per-poder-mirar-al-futur-crims-del-franquisme\/"]}]},{"@type":"ImageObject","inLanguage":"ca-ES","@id":"https:\/\/raed.academy\/ca\/resoldre-el-passat-per-poder-mirar-al-futur-crims-del-franquisme\/#primaryimage","url":"https:\/\/raed.academy\/wp-content\/uploads\/2021\/03\/franquismo-dst.jpg","contentUrl":"https:\/\/raed.academy\/wp-content\/uploads\/2021\/03\/franquismo-dst.jpg","width":600,"height":360},{"@type":"BreadcrumbList","@id":"https:\/\/raed.academy\/ca\/resoldre-el-passat-per-poder-mirar-al-futur-crims-del-franquisme\/#breadcrumb","itemListElement":[{"@type":"ListItem","position":1,"name":"Inicio","item":"https:\/\/raed.academy\/ca\/"},{"@type":"ListItem","position":2,"name":"Resoldre el passat per poder mirar al futur"}]},{"@type":"WebSite","@id":"https:\/\/raed.academy\/ca\/#website","url":"https:\/\/raed.academy\/ca\/","name":"Reial Acad\u00e8mia Europea de Doctors","description":"Corporaci\u00f3n de derecho p\u00fablico de car\u00e1cter cient\u00edfico, t\u00e9cnico y art\u00edstico, que tiene por objeto la investigaci\u00f3n, el estudio, el fomento y la extensi\u00f3n del conocimiento en su sentido m\u00e1s amplio","publisher":{"@id":"https:\/\/raed.academy\/ca\/#organization"},"potentialAction":[{"@type":"SearchAction","target":{"@type":"EntryPoint","urlTemplate":"https:\/\/raed.academy\/ca\/?s={search_term_string}"},"query-input":{"@type":"PropertyValueSpecification","valueRequired":true,"valueName":"search_term_string"}}],"inLanguage":"ca-ES"},{"@type":"Organization","@id":"https:\/\/raed.academy\/ca\/#organization","name":"Real Academia Europea de Doctores","url":"https:\/\/raed.academy\/ca\/","logo":{"@type":"ImageObject","inLanguage":"ca-ES","@id":"https:\/\/raed.academy\/ca\/#\/schema\/logo\/image\/","url":"https:\/\/raed.academy\/wp-content\/uploads\/2017\/01\/cropped-logo_raed.png","contentUrl":"https:\/\/raed.academy\/wp-content\/uploads\/2017\/01\/cropped-logo_raed.png","width":512,"height":512,"caption":"Real Academia Europea de Doctores"},"image":{"@id":"https:\/\/raed.academy\/ca\/#\/schema\/logo\/image\/"},"sameAs":["http:\/\/fb.me\/raed.academy","https:\/\/x.com\/raedacademy","https:\/\/www.instagram.com\/raed.academy\/","https:\/\/www.youtube.com\/channel\/UCUYQwW2KrdirNWihxMDObwg"]},{"@type":"Person","@id":"https:\/\/raed.academy\/ca\/#\/schema\/person\/5a755da80d1d979fd66ba745c8702927","name":"RAED","image":{"@type":"ImageObject","inLanguage":"ca-ES","@id":"https:\/\/secure.gravatar.com\/avatar\/19fdfdc0d67fb9c45714b703a2ac82251c4fcea3637f002ac3c9b74c0183583c?s=96&d=mm&r=g","url":"https:\/\/secure.gravatar.com\/avatar\/19fdfdc0d67fb9c45714b703a2ac82251c4fcea3637f002ac3c9b74c0183583c?s=96&d=mm&r=g","contentUrl":"https:\/\/secure.gravatar.com\/avatar\/19fdfdc0d67fb9c45714b703a2ac82251c4fcea3637f002ac3c9b74c0183583c?s=96&d=mm&r=g","caption":"RAED"}}]}},"_links":{"self":[{"href":"https:\/\/raed.academy\/ca\/wp-json\/wp\/v2\/posts\/101562","targetHints":{"allow":["GET"]}}],"collection":[{"href":"https:\/\/raed.academy\/ca\/wp-json\/wp\/v2\/posts"}],"about":[{"href":"https:\/\/raed.academy\/ca\/wp-json\/wp\/v2\/types\/post"}],"author":[{"embeddable":true,"href":"https:\/\/raed.academy\/ca\/wp-json\/wp\/v2\/users\/12"}],"replies":[{"embeddable":true,"href":"https:\/\/raed.academy\/ca\/wp-json\/wp\/v2\/comments?post=101562"}],"version-history":[{"count":0,"href":"https:\/\/raed.academy\/ca\/wp-json\/wp\/v2\/posts\/101562\/revisions"}],"wp:featuredmedia":[{"embeddable":true,"href":"https:\/\/raed.academy\/ca\/wp-json\/wp\/v2\/media\/101494"}],"wp:attachment":[{"href":"https:\/\/raed.academy\/ca\/wp-json\/wp\/v2\/media?parent=101562"}],"wp:term":[{"taxonomy":"category","embeddable":true,"href":"https:\/\/raed.academy\/ca\/wp-json\/wp\/v2\/categories?post=101562"},{"taxonomy":"post_tag","embeddable":true,"href":"https:\/\/raed.academy\/ca\/wp-json\/wp\/v2\/tags?post=101562"}],"curies":[{"name":"wp","href":"https:\/\/api.w.org\/{rel}","templated":true}]}}