{"id":101554,"date":"2021-04-01T21:41:21","date_gmt":"2021-04-01T21:41:21","guid":{"rendered":"https:\/\/raed.academy\/?p=101554"},"modified":"2021-04-03T12:12:05","modified_gmt":"2021-04-03T12:12:05","slug":"la-memoria-de-sor-juana-ines-de-la-cruz","status":"publish","type":"post","link":"https:\/\/raed.academy\/ca\/la-memoria-de-sor-juana-ines-de-la-cruz\/","title":{"rendered":"La mem\u00f2ria de Sor Juana In\u00e9s de la Cruz"},"content":{"rendered":"<p><strong><em>Enrique Sada<\/em><\/strong><br \/>\n<em>Historiador i col\u00b7laborador habitual de la Reial Acad\u00e8mia Europea de Doctors-Barcelona 1914 (RAED)<\/em><\/p>\n<p>L&#8217;historiador mexic\u00e0 <strong>Enrique Sada<\/strong>, col\u00b7laborador de la <strong>Reial Acad\u00e8mia Europea de Doctors-Barcelona 1914<\/strong> (RAED), comparteix amb la comunitat acad\u00e8mica l&#8217;estudi <strong>&#8220;La celda de Sor Juana In\u00e9s de la Cruz&#8221;<\/strong>, on aborda l&#8217;obra d&#8217;aquesta religiosa i autora clau en la literatura en espanyol del Segle d&#8217;Or. Ho fa al costat d&#8217;<strong>Alejandro Soriano<\/strong>, reconegut estudi\u00f3s de l&#8217;obra de la religiosa.<\/p>\n<p>Tot i que va conrear la prosa, el teatre i l&#8217;acte sacramental, \u00e9s a la seva obra l\u00edrica, que suposa la meitat de la seva producci\u00f3 liter\u00e0ria, on \u00e9s reconeguda com a creadora d&#8217;una po\u00e8tica pr\u00f2pia que sintetitza l&#8217;her\u00e8ncia d&#8217;autors tan diversos com <strong>Luis de G\u00f3ngora<\/strong>, <strong>Francisco de Quevedo<\/strong> i <strong>Pedro Calder\u00f3n de la Barca<\/strong>. \u00c9s, aix\u00ed mateix, un dels primers grans autors nou-hispans en el que avui \u00e9s M\u00e8xic.<\/p>\n<div id=\"attachment_101523\" style=\"width: 510px\" class=\"wp-caption alignright\"><img loading=\"lazy\" decoding=\"async\" aria-describedby=\"caption-attachment-101523\" class=\"wp-image-101523 size-full\" src=\"https:\/\/raed.academy\/wp-content\/uploads\/2021\/03\/sor-Juana-Ines-de-la-Cruz-dst.jpg\" sizes=\"(max-width: 500px) 100vw, 500px\" srcset=\"https:\/\/raed.academy\/wp-content\/uploads\/2021\/03\/sor-Juana-Ines-de-la-Cruz-dst.jpg 500w, https:\/\/raed.academy\/wp-content\/uploads\/2021\/03\/sor-Juana-Ines-de-la-Cruz-dst-440x264.jpg 440w\" alt=\"Sor Juana In\u00e9s de la Cruz\" width=\"500\" height=\"300\" aria-describedby=\"caption-attachment-101523\" data-attachment-id=\"101523\" data-permalink=\"https:\/\/raed.academy\/la-memoria-de-sor-juana-ines-de-la-cruz\/sor-juana-ines-de-la-cruz-dst\/\" data-orig-file=\"https:\/\/raed.academy\/wp-content\/uploads\/2021\/03\/sor-Juana-Ines-de-la-Cruz-dst.jpg\" data-orig-size=\"500,300\" data-comments-opened=\"0\" data-image-meta=\"{&quot;aperture&quot;:&quot;0&quot;,&quot;credit&quot;:&quot;&quot;,&quot;camera&quot;:&quot;&quot;,&quot;caption&quot;:&quot;&quot;,&quot;created_timestamp&quot;:&quot;0&quot;,&quot;copyright&quot;:&quot;&quot;,&quot;focal_length&quot;:&quot;0&quot;,&quot;iso&quot;:&quot;0&quot;,&quot;shutter_speed&quot;:&quot;0&quot;,&quot;title&quot;:&quot;&quot;,&quot;orientation&quot;:&quot;0&quot;}\" data-image-title=\"sor-Juana-Ines-de-la-Cruz-dst\" data-image-description=\"\" data-medium-file=\"https:\/\/raed.academy\/wp-content\/uploads\/2021\/03\/sor-Juana-Ines-de-la-Cruz-dst.jpg\" data-large-file=\"https:\/\/raed.academy\/wp-content\/uploads\/2021\/03\/sor-Juana-Ines-de-la-Cruz-dst.jpg\" \/><p id=\"caption-attachment-101523\" class=\"wp-caption-text\">Sor Juana In\u00e9s de la Cruz<\/p><\/div>\n<p>&#8220;No hi ha dubte que el geni excels de sor Juana es deu en bona mesura al seu car\u00e0cter, forjat tant a l&#8217;entorn immediat familiar com a la seva decidida iniciativa individual, que la van distingint entre les dones que la van envoltar. Tot i aix\u00ed, els que han pret\u00e8s analitzar seva personalitat i la seva obra generalment no han pres en compte que l&#8217;esplendor i l&#8217;abast propis d&#8217;aquest personatge, que transcendeix tota mesura, es van deure a la seva inclinaci\u00f3 eminentment espiritual. Aquesta la va portar a formar-se -i a aconseguir-ho, que \u00e9s el que s&#8217;acostuma a passar-se per alt- a la vida conventual, que va abra\u00e7ar amb entusiasme des del moment en qu\u00e8 va celebrar els seus vots a la molt venerable <strong>Ordre de Sant Jeroni<\/strong>&#8220;, inicia <strong>Sada<\/strong> el seu estudi.<\/p>\n<p>L&#8217;historiador posa en context la percepci\u00f3 al llarg dels segles de l&#8217;obra de sor Juana In\u00e9s i altres escriptors religiosos a l&#8217;atzarosa hist\u00f2ria mexicana, detenint-se en dolorosos episodis com els que va comportar, per exemple, l&#8217;anomenada Reforma Liberal ja al segle XIX, amb la destrucci\u00f3 del patrimoni hist\u00f2ric-religi\u00f3s a la capital de pa\u00eds. Aix\u00ed s&#8217;introdueix la hist\u00f2ria de l&#8217;escenari de la vida i l&#8217;obra de la religiosa: el convent de Sant Jeroni, fundat pels germans <strong>Isabel<\/strong> i <strong>Juan de Guevara<\/strong>, n\u00e9ts de el conqueridor <strong>Andr\u00e9s de Barrios<\/strong>, el 1585, condicionant unes cases de la propietat situades a l&#8217;extrem sud de Ciutat de M\u00e8xic.<\/p>\n<p><strong>Soriano<\/strong> explica els avatars del convent i de la cel\u00b7la on sor Juana In\u00e9s de la Cruz hauria escrit el gruix de la seva obra i la hist\u00f2ria del retrat contemporani de la religiosa, encarregat per les seves germanes de clausura. &#8220;Si un inspecciona els romanents del cr\u00e8dit de sor Juana que va subsistir entre les seves germanes al llarg de les cent\u00faries, es troba que, divuit anys despr\u00e9s de la seva mort, cap al 1713, la mare <strong>Mar\u00eda Gertrudis de Santa Eustoquio<\/strong>, qui l&#8217;havia assistit en l&#8217;exercici de les tasques comptables del convent, va encomanar a pintor <strong>Juan de Miranda<\/strong> el quadre que coneixem, on es recorda que la poeta &#8216;va exercitar amb aclamaci\u00f3 cont\u00ednues demostracions de la seva saviesa i desenvolupar l&#8217;\u00fas de comptadora amb diverses heroiques operacions&#8217;. Igualment, que &#8216;va morir en religios\u00edssimes i exemplars expressions de fe cat\u00f2lica, demostrant l&#8217;encert m\u00e9s gran del seu gran enginy en saber morir'&#8221;, conclou.<\/p>\n","protected":false},"excerpt":{"rendered":"<p>L&#8217;historiador mexic\u00e0 Enrique Sada aborda, al costat d&#8217;Alejandro Soriano, l&#8217;obra de Sor Juana In\u00e9s de la Cruz<\/p>\n","protected":false},"author":12,"featured_media":101524,"comment_status":"closed","ping_status":"closed","sticky":false,"template":"","format":"standard","meta":{"_et_pb_use_builder":"","_et_pb_old_content":"","_et_gb_content_width":"","footnotes":""},"categories":[242,252],"tags":[],"class_list":["post-101554","post","type-post","status-publish","format-standard","has-post-thumbnail","hentry","category-categ-historia","category-teologia-ca","et-has-post-format-content","et_post_format-et-post-format-standard"],"yoast_head":"<!-- This site is optimized with the Yoast SEO plugin v27.4 - https:\/\/yoast.com\/product\/yoast-seo-wordpress\/ -->\n<title>La mem\u00f2ria de Sor Juana In\u00e9s de la Cruz - Reial Acad\u00e8mia Europea de Doctors<\/title>\n<meta name=\"description\" content=\"L&#039;historiador mexic\u00e0 Enrique Sada aborda, al costat d&#039;Alejandro Soriano, l&#039;obra de Sor Juana In\u00e9s de la Cruz\" \/>\n<meta name=\"robots\" content=\"index, follow, max-snippet:-1, max-image-preview:large, max-video-preview:-1\" \/>\n<link rel=\"canonical\" href=\"https:\/\/raed.academy\/ca\/la-memoria-de-sor-juana-ines-de-la-cruz\/\" \/>\n<meta property=\"og:locale\" content=\"ca_ES\" \/>\n<meta property=\"og:type\" content=\"article\" \/>\n<meta property=\"og:title\" content=\"La mem\u00f2ria de Sor Juana In\u00e9s de la Cruz - Reial Acad\u00e8mia Europea de Doctors\" \/>\n<meta property=\"og:description\" content=\"L&#039;historiador mexic\u00e0 Enrique Sada aborda, al costat d&#039;Alejandro Soriano, l&#039;obra de Sor Juana In\u00e9s de la Cruz\" \/>\n<meta property=\"og:url\" content=\"https:\/\/raed.academy\/ca\/la-memoria-de-sor-juana-ines-de-la-cruz\/\" \/>\n<meta property=\"og:site_name\" content=\"Reial Acad\u00e8mia Europea de Doctors\" \/>\n<meta property=\"article:publisher\" content=\"http:\/\/fb.me\/raed.academy\" \/>\n<meta property=\"article:published_time\" content=\"2021-04-01T21:41:21+00:00\" \/>\n<meta property=\"article:modified_time\" content=\"2021-04-03T12:12:05+00:00\" \/>\n<meta property=\"og:image\" content=\"https:\/\/raed.academy\/wp-content\/uploads\/2021\/03\/sor-Juana-Ines-de-la-Cruz-dst.jpg\" \/>\n\t<meta property=\"og:image:width\" content=\"500\" \/>\n\t<meta property=\"og:image:height\" content=\"300\" \/>\n\t<meta property=\"og:image:type\" content=\"image\/jpeg\" \/>\n<meta name=\"author\" content=\"RAED\" \/>\n<meta name=\"twitter:card\" content=\"summary_large_image\" \/>\n<meta name=\"twitter:creator\" content=\"@raedacademy\" \/>\n<meta name=\"twitter:site\" content=\"@raedacademy\" \/>\n<meta name=\"twitter:label1\" content=\"Written by\" \/>\n\t<meta name=\"twitter:data1\" content=\"RAED\" \/>\n\t<meta name=\"twitter:label2\" content=\"Est. reading time\" \/>\n\t<meta name=\"twitter:data2\" content=\"3 minutes\" \/>\n<script type=\"application\/ld+json\" class=\"yoast-schema-graph\">{\"@context\":\"https:\\\/\\\/schema.org\",\"@graph\":[{\"@type\":\"Article\",\"@id\":\"https:\\\/\\\/raed.academy\\\/ca\\\/la-memoria-de-sor-juana-ines-de-la-cruz\\\/#article\",\"isPartOf\":{\"@id\":\"https:\\\/\\\/raed.academy\\\/ca\\\/la-memoria-de-sor-juana-ines-de-la-cruz\\\/\"},\"author\":{\"name\":\"RAED\",\"@id\":\"https:\\\/\\\/raed.academy\\\/ca\\\/#\\\/schema\\\/person\\\/5a755da80d1d979fd66ba745c8702927\"},\"headline\":\"La mem\u00f2ria de Sor Juana In\u00e9s de la Cruz\",\"datePublished\":\"2021-04-01T21:41:21+00:00\",\"dateModified\":\"2021-04-03T12:12:05+00:00\",\"mainEntityOfPage\":{\"@id\":\"https:\\\/\\\/raed.academy\\\/ca\\\/la-memoria-de-sor-juana-ines-de-la-cruz\\\/\"},\"wordCount\":620,\"publisher\":{\"@id\":\"https:\\\/\\\/raed.academy\\\/ca\\\/#organization\"},\"image\":{\"@id\":\"https:\\\/\\\/raed.academy\\\/ca\\\/la-memoria-de-sor-juana-ines-de-la-cruz\\\/#primaryimage\"},\"thumbnailUrl\":\"https:\\\/\\\/raed.academy\\\/wp-content\\\/uploads\\\/2021\\\/03\\\/sor-Juana-Ines-de-la-Cruz-dst.jpg\",\"articleSection\":[\"Hist\u00f2ria\",\"Teologia\"],\"inLanguage\":\"ca-ES\"},{\"@type\":\"WebPage\",\"@id\":\"https:\\\/\\\/raed.academy\\\/ca\\\/la-memoria-de-sor-juana-ines-de-la-cruz\\\/\",\"url\":\"https:\\\/\\\/raed.academy\\\/ca\\\/la-memoria-de-sor-juana-ines-de-la-cruz\\\/\",\"name\":\"La mem\u00f2ria de Sor Juana In\u00e9s de la Cruz - Reial Acad\u00e8mia Europea de Doctors\",\"isPartOf\":{\"@id\":\"https:\\\/\\\/raed.academy\\\/ca\\\/#website\"},\"primaryImageOfPage\":{\"@id\":\"https:\\\/\\\/raed.academy\\\/ca\\\/la-memoria-de-sor-juana-ines-de-la-cruz\\\/#primaryimage\"},\"image\":{\"@id\":\"https:\\\/\\\/raed.academy\\\/ca\\\/la-memoria-de-sor-juana-ines-de-la-cruz\\\/#primaryimage\"},\"thumbnailUrl\":\"https:\\\/\\\/raed.academy\\\/wp-content\\\/uploads\\\/2021\\\/03\\\/sor-Juana-Ines-de-la-Cruz-dst.jpg\",\"datePublished\":\"2021-04-01T21:41:21+00:00\",\"dateModified\":\"2021-04-03T12:12:05+00:00\",\"description\":\"L'historiador mexic\u00e0 Enrique Sada aborda, al costat d'Alejandro Soriano, l'obra de Sor Juana In\u00e9s de la Cruz\",\"breadcrumb\":{\"@id\":\"https:\\\/\\\/raed.academy\\\/ca\\\/la-memoria-de-sor-juana-ines-de-la-cruz\\\/#breadcrumb\"},\"inLanguage\":\"ca-ES\",\"potentialAction\":[{\"@type\":\"ReadAction\",\"target\":[\"https:\\\/\\\/raed.academy\\\/ca\\\/la-memoria-de-sor-juana-ines-de-la-cruz\\\/\"]}]},{\"@type\":\"ImageObject\",\"inLanguage\":\"ca-ES\",\"@id\":\"https:\\\/\\\/raed.academy\\\/ca\\\/la-memoria-de-sor-juana-ines-de-la-cruz\\\/#primaryimage\",\"url\":\"https:\\\/\\\/raed.academy\\\/wp-content\\\/uploads\\\/2021\\\/03\\\/sor-Juana-Ines-de-la-Cruz-dst.jpg\",\"contentUrl\":\"https:\\\/\\\/raed.academy\\\/wp-content\\\/uploads\\\/2021\\\/03\\\/sor-Juana-Ines-de-la-Cruz-dst.jpg\",\"width\":500,\"height\":300,\"caption\":\"sor Juana In\u00e9s de la Cruz\"},{\"@type\":\"BreadcrumbList\",\"@id\":\"https:\\\/\\\/raed.academy\\\/ca\\\/la-memoria-de-sor-juana-ines-de-la-cruz\\\/#breadcrumb\",\"itemListElement\":[{\"@type\":\"ListItem\",\"position\":1,\"name\":\"Inicio\",\"item\":\"https:\\\/\\\/raed.academy\\\/ca\\\/\"},{\"@type\":\"ListItem\",\"position\":2,\"name\":\"La mem\u00f2ria de Sor Juana In\u00e9s de la Cruz\"}]},{\"@type\":\"WebSite\",\"@id\":\"https:\\\/\\\/raed.academy\\\/ca\\\/#website\",\"url\":\"https:\\\/\\\/raed.academy\\\/ca\\\/\",\"name\":\"Reial Acad\u00e8mia Europea de Doctors\",\"description\":\"Corporaci\u00f3n de derecho p\u00fablico de car\u00e1cter cient\u00edfico, t\u00e9cnico y art\u00edstico, que tiene por objeto la investigaci\u00f3n, el estudio, el fomento y la extensi\u00f3n del conocimiento en su sentido m\u00e1s amplio\",\"publisher\":{\"@id\":\"https:\\\/\\\/raed.academy\\\/ca\\\/#organization\"},\"potentialAction\":[{\"@type\":\"SearchAction\",\"target\":{\"@type\":\"EntryPoint\",\"urlTemplate\":\"https:\\\/\\\/raed.academy\\\/ca\\\/?s={search_term_string}\"},\"query-input\":{\"@type\":\"PropertyValueSpecification\",\"valueRequired\":true,\"valueName\":\"search_term_string\"}}],\"inLanguage\":\"ca-ES\"},{\"@type\":\"Organization\",\"@id\":\"https:\\\/\\\/raed.academy\\\/ca\\\/#organization\",\"name\":\"Real Academia Europea de Doctores\",\"url\":\"https:\\\/\\\/raed.academy\\\/ca\\\/\",\"logo\":{\"@type\":\"ImageObject\",\"inLanguage\":\"ca-ES\",\"@id\":\"https:\\\/\\\/raed.academy\\\/ca\\\/#\\\/schema\\\/logo\\\/image\\\/\",\"url\":\"https:\\\/\\\/raed.academy\\\/wp-content\\\/uploads\\\/2017\\\/01\\\/cropped-logo_raed.png\",\"contentUrl\":\"https:\\\/\\\/raed.academy\\\/wp-content\\\/uploads\\\/2017\\\/01\\\/cropped-logo_raed.png\",\"width\":512,\"height\":512,\"caption\":\"Real Academia Europea de Doctores\"},\"image\":{\"@id\":\"https:\\\/\\\/raed.academy\\\/ca\\\/#\\\/schema\\\/logo\\\/image\\\/\"},\"sameAs\":[\"http:\\\/\\\/fb.me\\\/raed.academy\",\"https:\\\/\\\/x.com\\\/raedacademy\",\"https:\\\/\\\/www.instagram.com\\\/raed.academy\\\/\",\"https:\\\/\\\/www.youtube.com\\\/channel\\\/UCUYQwW2KrdirNWihxMDObwg\"]},{\"@type\":\"Person\",\"@id\":\"https:\\\/\\\/raed.academy\\\/ca\\\/#\\\/schema\\\/person\\\/5a755da80d1d979fd66ba745c8702927\",\"name\":\"RAED\",\"image\":{\"@type\":\"ImageObject\",\"inLanguage\":\"ca-ES\",\"@id\":\"https:\\\/\\\/secure.gravatar.com\\\/avatar\\\/19fdfdc0d67fb9c45714b703a2ac82251c4fcea3637f002ac3c9b74c0183583c?s=96&d=mm&r=g\",\"url\":\"https:\\\/\\\/secure.gravatar.com\\\/avatar\\\/19fdfdc0d67fb9c45714b703a2ac82251c4fcea3637f002ac3c9b74c0183583c?s=96&d=mm&r=g\",\"contentUrl\":\"https:\\\/\\\/secure.gravatar.com\\\/avatar\\\/19fdfdc0d67fb9c45714b703a2ac82251c4fcea3637f002ac3c9b74c0183583c?s=96&d=mm&r=g\",\"caption\":\"RAED\"}}]}<\/script>\n<!-- \/ Yoast SEO plugin. -->","yoast_head_json":{"title":"La mem\u00f2ria de Sor Juana In\u00e9s de la Cruz - Reial Acad\u00e8mia Europea de Doctors","description":"L'historiador mexic\u00e0 Enrique Sada aborda, al costat d'Alejandro Soriano, l'obra de Sor Juana In\u00e9s de la Cruz","robots":{"index":"index","follow":"follow","max-snippet":"max-snippet:-1","max-image-preview":"max-image-preview:large","max-video-preview":"max-video-preview:-1"},"canonical":"https:\/\/raed.academy\/ca\/la-memoria-de-sor-juana-ines-de-la-cruz\/","og_locale":"ca_ES","og_type":"article","og_title":"La mem\u00f2ria de Sor Juana In\u00e9s de la Cruz - Reial Acad\u00e8mia Europea de Doctors","og_description":"L'historiador mexic\u00e0 Enrique Sada aborda, al costat d'Alejandro Soriano, l'obra de Sor Juana In\u00e9s de la Cruz","og_url":"https:\/\/raed.academy\/ca\/la-memoria-de-sor-juana-ines-de-la-cruz\/","og_site_name":"Reial Acad\u00e8mia Europea de Doctors","article_publisher":"http:\/\/fb.me\/raed.academy","article_published_time":"2021-04-01T21:41:21+00:00","article_modified_time":"2021-04-03T12:12:05+00:00","og_image":[{"width":500,"height":300,"url":"https:\/\/raed.academy\/wp-content\/uploads\/2021\/03\/sor-Juana-Ines-de-la-Cruz-dst.jpg","type":"image\/jpeg"}],"author":"RAED","twitter_card":"summary_large_image","twitter_creator":"@raedacademy","twitter_site":"@raedacademy","twitter_misc":{"Written by":"RAED","Est. reading time":"3 minutes"},"schema":{"@context":"https:\/\/schema.org","@graph":[{"@type":"Article","@id":"https:\/\/raed.academy\/ca\/la-memoria-de-sor-juana-ines-de-la-cruz\/#article","isPartOf":{"@id":"https:\/\/raed.academy\/ca\/la-memoria-de-sor-juana-ines-de-la-cruz\/"},"author":{"name":"RAED","@id":"https:\/\/raed.academy\/ca\/#\/schema\/person\/5a755da80d1d979fd66ba745c8702927"},"headline":"La mem\u00f2ria de Sor Juana In\u00e9s de la Cruz","datePublished":"2021-04-01T21:41:21+00:00","dateModified":"2021-04-03T12:12:05+00:00","mainEntityOfPage":{"@id":"https:\/\/raed.academy\/ca\/la-memoria-de-sor-juana-ines-de-la-cruz\/"},"wordCount":620,"publisher":{"@id":"https:\/\/raed.academy\/ca\/#organization"},"image":{"@id":"https:\/\/raed.academy\/ca\/la-memoria-de-sor-juana-ines-de-la-cruz\/#primaryimage"},"thumbnailUrl":"https:\/\/raed.academy\/wp-content\/uploads\/2021\/03\/sor-Juana-Ines-de-la-Cruz-dst.jpg","articleSection":["Hist\u00f2ria","Teologia"],"inLanguage":"ca-ES"},{"@type":"WebPage","@id":"https:\/\/raed.academy\/ca\/la-memoria-de-sor-juana-ines-de-la-cruz\/","url":"https:\/\/raed.academy\/ca\/la-memoria-de-sor-juana-ines-de-la-cruz\/","name":"La mem\u00f2ria de Sor Juana In\u00e9s de la Cruz - Reial Acad\u00e8mia Europea de Doctors","isPartOf":{"@id":"https:\/\/raed.academy\/ca\/#website"},"primaryImageOfPage":{"@id":"https:\/\/raed.academy\/ca\/la-memoria-de-sor-juana-ines-de-la-cruz\/#primaryimage"},"image":{"@id":"https:\/\/raed.academy\/ca\/la-memoria-de-sor-juana-ines-de-la-cruz\/#primaryimage"},"thumbnailUrl":"https:\/\/raed.academy\/wp-content\/uploads\/2021\/03\/sor-Juana-Ines-de-la-Cruz-dst.jpg","datePublished":"2021-04-01T21:41:21+00:00","dateModified":"2021-04-03T12:12:05+00:00","description":"L'historiador mexic\u00e0 Enrique Sada aborda, al costat d'Alejandro Soriano, l'obra de Sor Juana In\u00e9s de la Cruz","breadcrumb":{"@id":"https:\/\/raed.academy\/ca\/la-memoria-de-sor-juana-ines-de-la-cruz\/#breadcrumb"},"inLanguage":"ca-ES","potentialAction":[{"@type":"ReadAction","target":["https:\/\/raed.academy\/ca\/la-memoria-de-sor-juana-ines-de-la-cruz\/"]}]},{"@type":"ImageObject","inLanguage":"ca-ES","@id":"https:\/\/raed.academy\/ca\/la-memoria-de-sor-juana-ines-de-la-cruz\/#primaryimage","url":"https:\/\/raed.academy\/wp-content\/uploads\/2021\/03\/sor-Juana-Ines-de-la-Cruz-dst.jpg","contentUrl":"https:\/\/raed.academy\/wp-content\/uploads\/2021\/03\/sor-Juana-Ines-de-la-Cruz-dst.jpg","width":500,"height":300,"caption":"sor Juana In\u00e9s de la Cruz"},{"@type":"BreadcrumbList","@id":"https:\/\/raed.academy\/ca\/la-memoria-de-sor-juana-ines-de-la-cruz\/#breadcrumb","itemListElement":[{"@type":"ListItem","position":1,"name":"Inicio","item":"https:\/\/raed.academy\/ca\/"},{"@type":"ListItem","position":2,"name":"La mem\u00f2ria de Sor Juana In\u00e9s de la Cruz"}]},{"@type":"WebSite","@id":"https:\/\/raed.academy\/ca\/#website","url":"https:\/\/raed.academy\/ca\/","name":"Reial Acad\u00e8mia Europea de Doctors","description":"Corporaci\u00f3n de derecho p\u00fablico de car\u00e1cter cient\u00edfico, t\u00e9cnico y art\u00edstico, que tiene por objeto la investigaci\u00f3n, el estudio, el fomento y la extensi\u00f3n del conocimiento en su sentido m\u00e1s amplio","publisher":{"@id":"https:\/\/raed.academy\/ca\/#organization"},"potentialAction":[{"@type":"SearchAction","target":{"@type":"EntryPoint","urlTemplate":"https:\/\/raed.academy\/ca\/?s={search_term_string}"},"query-input":{"@type":"PropertyValueSpecification","valueRequired":true,"valueName":"search_term_string"}}],"inLanguage":"ca-ES"},{"@type":"Organization","@id":"https:\/\/raed.academy\/ca\/#organization","name":"Real Academia Europea de Doctores","url":"https:\/\/raed.academy\/ca\/","logo":{"@type":"ImageObject","inLanguage":"ca-ES","@id":"https:\/\/raed.academy\/ca\/#\/schema\/logo\/image\/","url":"https:\/\/raed.academy\/wp-content\/uploads\/2017\/01\/cropped-logo_raed.png","contentUrl":"https:\/\/raed.academy\/wp-content\/uploads\/2017\/01\/cropped-logo_raed.png","width":512,"height":512,"caption":"Real Academia Europea de Doctores"},"image":{"@id":"https:\/\/raed.academy\/ca\/#\/schema\/logo\/image\/"},"sameAs":["http:\/\/fb.me\/raed.academy","https:\/\/x.com\/raedacademy","https:\/\/www.instagram.com\/raed.academy\/","https:\/\/www.youtube.com\/channel\/UCUYQwW2KrdirNWihxMDObwg"]},{"@type":"Person","@id":"https:\/\/raed.academy\/ca\/#\/schema\/person\/5a755da80d1d979fd66ba745c8702927","name":"RAED","image":{"@type":"ImageObject","inLanguage":"ca-ES","@id":"https:\/\/secure.gravatar.com\/avatar\/19fdfdc0d67fb9c45714b703a2ac82251c4fcea3637f002ac3c9b74c0183583c?s=96&d=mm&r=g","url":"https:\/\/secure.gravatar.com\/avatar\/19fdfdc0d67fb9c45714b703a2ac82251c4fcea3637f002ac3c9b74c0183583c?s=96&d=mm&r=g","contentUrl":"https:\/\/secure.gravatar.com\/avatar\/19fdfdc0d67fb9c45714b703a2ac82251c4fcea3637f002ac3c9b74c0183583c?s=96&d=mm&r=g","caption":"RAED"}}]}},"_links":{"self":[{"href":"https:\/\/raed.academy\/ca\/wp-json\/wp\/v2\/posts\/101554","targetHints":{"allow":["GET"]}}],"collection":[{"href":"https:\/\/raed.academy\/ca\/wp-json\/wp\/v2\/posts"}],"about":[{"href":"https:\/\/raed.academy\/ca\/wp-json\/wp\/v2\/types\/post"}],"author":[{"embeddable":true,"href":"https:\/\/raed.academy\/ca\/wp-json\/wp\/v2\/users\/12"}],"replies":[{"embeddable":true,"href":"https:\/\/raed.academy\/ca\/wp-json\/wp\/v2\/comments?post=101554"}],"version-history":[{"count":0,"href":"https:\/\/raed.academy\/ca\/wp-json\/wp\/v2\/posts\/101554\/revisions"}],"wp:featuredmedia":[{"embeddable":true,"href":"https:\/\/raed.academy\/ca\/wp-json\/wp\/v2\/media\/101524"}],"wp:attachment":[{"href":"https:\/\/raed.academy\/ca\/wp-json\/wp\/v2\/media?parent=101554"}],"wp:term":[{"taxonomy":"category","embeddable":true,"href":"https:\/\/raed.academy\/ca\/wp-json\/wp\/v2\/categories?post=101554"},{"taxonomy":"post_tag","embeddable":true,"href":"https:\/\/raed.academy\/ca\/wp-json\/wp\/v2\/tags?post=101554"}],"curies":[{"name":"wp","href":"https:\/\/api.w.org\/{rel}","templated":true}]}}