{"id":101538,"date":"2021-04-01T21:01:16","date_gmt":"2021-04-01T21:01:16","guid":{"rendered":"https:\/\/raed.academy\/?p=101538"},"modified":"2021-04-03T14:01:51","modified_gmt":"2021-04-03T14:01:51","slug":"quan-barcelona-era-una-reconeguda-fabrica-de-balances","status":"publish","type":"post","link":"https:\/\/raed.academy\/ca\/quan-barcelona-era-una-reconeguda-fabrica-de-balances\/","title":{"rendered":"Quan Barcelona era una reconeguda f\u00e0brica de balances"},"content":{"rendered":"<p><a href=\"https:\/\/raed.academy\/ca\/academics\/dr-albert-estrada-rius\/\" target=\"_blank\" rel=\"noopener\"><strong><em>Albert Estrada<\/em><\/strong><\/a><br \/>\n<em>Conservador en cap del Gabinet Numism\u00e0tic de Catalunya, membre de la Junta Directiva de la Societat Iberoamericana d&#8217;Estudis Numism\u00e0tics i acad\u00e8mic corresponent de la Reial Acad\u00e8mia Europea de Doctors-Barcelona 1914 (RAED)<\/em><\/p>\n<p><a href=\"https:\/\/raed.academy\/ca\/academics\/dr-albert-estrada-rius\/\" target=\"_blank\" rel=\"noopener\"><strong><em>Albert Estrada<\/em><\/strong><\/a>, conservador en cap del <strong>Gabinet Numism\u00e0tic de Catalunya<\/strong>, membre de la Junta Directiva de la <strong>Societat Iberoamericana d&#8217;Estudis Numism\u00e0tics<\/strong> i acad\u00e8mic corresponent de la <strong>Reial Acad\u00e8mia Europea de Doctors-Barcelona 1914<\/strong> (RAED), ha dissenyat l&#8217;exposici\u00f3 <a href=\"https:\/\/www.museunacional.cat\/ca\/barcelona-fabrica-de-balances\" target=\"_blank\" rel=\"noopener\"><strong>&#8220;Barcelona, \u200b\u200bf\u00e0brica de balances&#8221;<\/strong><\/a>, que s&#8217;ha exposat a la <strong>Biblioteca Joaquim Folch i Torres<\/strong> del <a href=\"https:\/\/www.museunacional.cat\/ca\" target=\"_blank\" rel=\"noopener\"><strong>Museu Nacional d&#8217;Art de Catalunya<\/strong><\/a> (MNAC) amb fons recentment adquirits pel propi museu i que a partir d&#8217;ara formaran part de la seva col\u00b7lecci\u00f3 permanent.<\/p>\n<p><img loading=\"lazy\" decoding=\"async\" class=\"size-full wp-image-101517 alignleft\" src=\"https:\/\/raed.academy\/wp-content\/uploads\/2021\/03\/antiguo-taller-de-fabricacion-de-balanzas-Tarradell-de-Barcelona.jpg\" alt=\"antiguo taller de fabricaci\u00f3n de balanzas Tarradell de Barcelona\" width=\"700\" height=\"226\" data-attachment-id=\"101517\" data-permalink=\"https:\/\/raed.academy\/cuando-barcelona-era-una-reconocida-fabrica-de-balanzas\/antiguo-taller-de-fabricacion-de-balanzas-tarradell-de-barcelona\/\" data-orig-file=\"https:\/\/raed.academy\/wp-content\/uploads\/2021\/03\/antiguo-taller-de-fabricacion-de-balanzas-Tarradell-de-Barcelona.jpg\" data-orig-size=\"700,226\" data-comments-opened=\"0\" data-image-meta=\"{&quot;aperture&quot;:&quot;0&quot;,&quot;credit&quot;:&quot;&quot;,&quot;camera&quot;:&quot;&quot;,&quot;caption&quot;:&quot;&quot;,&quot;created_timestamp&quot;:&quot;0&quot;,&quot;copyright&quot;:&quot;&quot;,&quot;focal_length&quot;:&quot;0&quot;,&quot;iso&quot;:&quot;0&quot;,&quot;shutter_speed&quot;:&quot;0&quot;,&quot;title&quot;:&quot;&quot;,&quot;orientation&quot;:&quot;0&quot;}\" data-image-title=\"antiguo taller de fabricaci\u00f3n de balanzas Tarradell de Barcelona\" data-image-description=\"\" data-medium-file=\"https:\/\/raed.academy\/wp-content\/uploads\/2021\/03\/antiguo-taller-de-fabricacion-de-balanzas-Tarradell-de-Barcelona.jpg\" data-large-file=\"https:\/\/raed.academy\/wp-content\/uploads\/2021\/03\/antiguo-taller-de-fabricacion-de-balanzas-Tarradell-de-Barcelona.jpg\" \/>La mostra ha recollit part del fons hist\u00f2ric de l&#8217;antic taller de fabricaci\u00f3 de balances Tarradell de Barcelona. Es tracta d&#8217;un donatiu ofert per les germanes <strong>N\u00faria<\/strong> i <strong>Eul\u00e0lia Tarradell<\/strong> en mem\u00f2ria del seu pare, l&#8217;arque\u00f2leg <strong>Miquel Tarradell<\/strong> (1920-1995), de qui enguany se celebra el centenari del seu naixement. El fons \u00e9s molt variat i est\u00e0 \u00edntegrament vinculat als or\u00edgens del taller familiar. Els Tarradell van entrar al negoci de les balances despr\u00e9s de comprar, el 1892, l&#8217;acreditat taller Farriols de Barcelona. Aquest \u00faltim es remuntava a l&#8217;\u00faltim quart de segle XVIII, i amb els Tarradell va trobar continu\u00eftat adaptant-se a les necessitats de mercat fins al seu tancament a l&#8217;\u00faltim quart de segle XX. La fam\u00edlia Farriols, primer, i la fam\u00edlia Tarradell, despr\u00e9s, van fabricar tot tipus de balances i pesos al llarg d&#8217;una \u00e8poca en qu\u00e8 la ciutat comtal va esdevenir un important centre productor d&#8217;aquestes peces.<\/p>\n<div id=\"attachment_35518\" style=\"width: 260px\" class=\"wp-caption alignright\"><img loading=\"lazy\" decoding=\"async\" aria-describedby=\"caption-attachment-35518\" class=\"wp-image-35518\" src=\"https:\/\/raed.academy\/wp-content\/uploads\/2017\/10\/Albert-Estrada-Rius.jpg\" sizes=\"(max-width: 280px) 100vw, 280px\" srcset=\"https:\/\/raed.academy\/wp-content\/uploads\/2017\/10\/Albert-Estrada-Rius.jpg 350w, https:\/\/raed.academy\/wp-content\/uploads\/2017\/10\/Albert-Estrada-Rius-232x300.jpg 232w\" alt=\"Albert Estrada Rius\" width=\"250\" height=\"323\" aria-describedby=\"caption-attachment-35518\" data-attachment-id=\"35518\" data-permalink=\"https:\/\/raed.academy\/falsificacion-moneda-cataluna-siglo-xix\/albert-estrada-rius\/\" data-orig-file=\"https:\/\/raed.academy\/wp-content\/uploads\/2017\/10\/Albert-Estrada-Rius.jpg\" data-orig-size=\"350,452\" data-comments-opened=\"0\" data-image-meta=\"{&quot;aperture&quot;:&quot;0&quot;,&quot;credit&quot;:&quot;&quot;,&quot;camera&quot;:&quot;&quot;,&quot;caption&quot;:&quot;&quot;,&quot;created_timestamp&quot;:&quot;0&quot;,&quot;copyright&quot;:&quot;&quot;,&quot;focal_length&quot;:&quot;0&quot;,&quot;iso&quot;:&quot;0&quot;,&quot;shutter_speed&quot;:&quot;0&quot;,&quot;title&quot;:&quot;&quot;,&quot;orientation&quot;:&quot;0&quot;}\" data-image-title=\"Albert Estrada Rius\" data-image-description=\"\" data-medium-file=\"https:\/\/raed.academy\/wp-content\/uploads\/2017\/10\/Albert-Estrada-Rius-232x300.jpg\" data-large-file=\"https:\/\/raed.academy\/wp-content\/uploads\/2017\/10\/Albert-Estrada-Rius.jpg\" \/><p id=\"caption-attachment-35518\" class=\"wp-caption-text\">Dr. Albert Estrada<\/p><\/div>\n<p>A Barcelona, \u200b\u200bels encarregats de la fabricaci\u00f3 de pesos i mesures es van enquadrar al gremi dels serrallers. Les autoritats municipals es reservaven el dret de supervisar les peces produ\u00efdes i, arribat el cas, castigar els infractors si trobaven mesures inexactes. Per dur a terme aquestes tasques, el municipi nomenava uns oficials espec\u00edfics coneguts amb el nom d&#8217;afinadors, que solien ser destacats serrallers. Aquests, com a testimoni i garantia de la seva verificaci\u00f3, marcaven els pesos o les balances verificats amb una marca estampada al costat de l&#8217;escut de la ciutat.<\/p>\n<p>A la Barcelona dels segles XVIII i XIX hi havia diverses cases que fabricaven, entre altres tipus de peces, les balances destinades espec\u00edficament a la pesada de les monedes. Els cognoms Barbar\u00e0, Crusats, Deop o Farriols al\u00b7ludeixen tant a afinadors de mesures com a serrallers amb taller de fabricaci\u00f3 obert. Es tractava de fam\u00edlies d&#8217;artesans amb obradors en els que produ\u00efen les balances i els pesos que despr\u00e9s venien a les botigues, que tamb\u00e9 tenien obertes i que es convertien en aut\u00e8ntics aparadors de la seva producci\u00f3.<\/p>\n<p>La conservaci\u00f3 al fons de taller Tarradell d&#8217;algunes peces i documents procedents de l&#8217;antic taller Farriols, com ara llibres de patrons, llibres de comptes i altres materials, permet reconstruir i evocar un sistema de producci\u00f3 i uns usos avui oblidats, per\u00f2 que en a la seva \u00e8poca eren quotidians. Sobretot en un moment en qu\u00e8 les monedes tenien un valor intr\u00ednsec que feia que s&#8217;hagu\u00e9s de verificar el pes amb l&#8217;ajuda de balances i ponderals espec\u00edfics.<\/p>\n","protected":false},"excerpt":{"rendered":"<p>Albert Estrada ha dissenyat l&#8217;exposici\u00f3 &#8220;Barcelona, f\u00e0brica de balances&#8221;, que s&#8217;ha exposat a la Biblioteca Joaquim Folch i Torres del Museu Nacional d&#8217;Art de Catalunya (MNAC)<\/p>\n","protected":false},"author":12,"featured_media":101518,"comment_status":"closed","ping_status":"closed","sticky":false,"template":"","format":"standard","meta":{"_et_pb_use_builder":"","_et_pb_old_content":"","_et_gb_content_width":"","footnotes":""},"categories":[242],"tags":[],"class_list":["post-101538","post","type-post","status-publish","format-standard","has-post-thumbnail","hentry","category-categ-historia","et-has-post-format-content","et_post_format-et-post-format-standard"],"yoast_head":"<!-- This site is optimized with the Yoast SEO plugin v27.4 - https:\/\/yoast.com\/product\/yoast-seo-wordpress\/ -->\n<title>Quan Barcelona era una reconeguda f\u00e0brica de balances - Reial Acad\u00e8mia Europea de Doctors<\/title>\n<meta name=\"description\" content=\"Albert Estrada dissenya l&#039;exposici\u00f3 &quot;Barcelona, f\u00e0brica de balances&quot;, que s&#039;ha exposat al Museu Nacional d&#039;Art de Catalunya (MNAC)\" \/>\n<meta name=\"robots\" content=\"index, follow, max-snippet:-1, max-image-preview:large, max-video-preview:-1\" \/>\n<link rel=\"canonical\" href=\"https:\/\/raed.academy\/ca\/quan-barcelona-era-una-reconeguda-fabrica-de-balances\/\" \/>\n<meta property=\"og:locale\" content=\"ca_ES\" \/>\n<meta property=\"og:type\" content=\"article\" \/>\n<meta property=\"og:title\" content=\"Quan Barcelona era una reconeguda f\u00e0brica de balances - Reial Acad\u00e8mia Europea de Doctors\" \/>\n<meta property=\"og:description\" content=\"Albert Estrada dissenya l&#039;exposici\u00f3 &quot;Barcelona, f\u00e0brica de balances&quot;, que s&#039;ha exposat al Museu Nacional d&#039;Art de Catalunya (MNAC)\" \/>\n<meta property=\"og:url\" content=\"https:\/\/raed.academy\/ca\/quan-barcelona-era-una-reconeguda-fabrica-de-balances\/\" \/>\n<meta property=\"og:site_name\" content=\"Reial Acad\u00e8mia Europea de Doctors\" \/>\n<meta property=\"article:publisher\" content=\"http:\/\/fb.me\/raed.academy\" \/>\n<meta property=\"article:published_time\" content=\"2021-04-01T21:01:16+00:00\" \/>\n<meta property=\"article:modified_time\" content=\"2021-04-03T14:01:51+00:00\" \/>\n<meta property=\"og:image\" content=\"https:\/\/raed.academy\/wp-content\/uploads\/2021\/03\/antiguo-taller-de-fabricacion-de-balanzas-Tarradell-de-Barcelona.jpg\" \/>\n\t<meta property=\"og:image:width\" content=\"700\" \/>\n\t<meta property=\"og:image:height\" content=\"226\" \/>\n\t<meta property=\"og:image:type\" content=\"image\/jpeg\" \/>\n<meta name=\"author\" content=\"RAED\" \/>\n<meta name=\"twitter:card\" content=\"summary_large_image\" \/>\n<meta name=\"twitter:creator\" content=\"@raedacademy\" \/>\n<meta name=\"twitter:site\" content=\"@raedacademy\" \/>\n<meta name=\"twitter:label1\" content=\"Written by\" \/>\n\t<meta name=\"twitter:data1\" content=\"RAED\" \/>\n\t<meta name=\"twitter:label2\" content=\"Est. reading time\" \/>\n\t<meta name=\"twitter:data2\" content=\"3 minutes\" \/>\n<script type=\"application\/ld+json\" class=\"yoast-schema-graph\">{\"@context\":\"https:\\\/\\\/schema.org\",\"@graph\":[{\"@type\":\"Article\",\"@id\":\"https:\\\/\\\/raed.academy\\\/ca\\\/quan-barcelona-era-una-reconeguda-fabrica-de-balances\\\/#article\",\"isPartOf\":{\"@id\":\"https:\\\/\\\/raed.academy\\\/ca\\\/quan-barcelona-era-una-reconeguda-fabrica-de-balances\\\/\"},\"author\":{\"name\":\"RAED\",\"@id\":\"https:\\\/\\\/raed.academy\\\/ca\\\/#\\\/schema\\\/person\\\/5a755da80d1d979fd66ba745c8702927\"},\"headline\":\"Quan Barcelona era una reconeguda f\u00e0brica de balances\",\"datePublished\":\"2021-04-01T21:01:16+00:00\",\"dateModified\":\"2021-04-03T14:01:51+00:00\",\"mainEntityOfPage\":{\"@id\":\"https:\\\/\\\/raed.academy\\\/ca\\\/quan-barcelona-era-una-reconeguda-fabrica-de-balances\\\/\"},\"wordCount\":581,\"publisher\":{\"@id\":\"https:\\\/\\\/raed.academy\\\/ca\\\/#organization\"},\"image\":{\"@id\":\"https:\\\/\\\/raed.academy\\\/ca\\\/quan-barcelona-era-una-reconeguda-fabrica-de-balances\\\/#primaryimage\"},\"thumbnailUrl\":\"https:\\\/\\\/raed.academy\\\/wp-content\\\/uploads\\\/2021\\\/03\\\/antiguo-taller-de-fabricacion-de-balanzas-Tarradell-de-Barcelona.jpg\",\"articleSection\":[\"Hist\u00f2ria\"],\"inLanguage\":\"ca-ES\"},{\"@type\":\"WebPage\",\"@id\":\"https:\\\/\\\/raed.academy\\\/ca\\\/quan-barcelona-era-una-reconeguda-fabrica-de-balances\\\/\",\"url\":\"https:\\\/\\\/raed.academy\\\/ca\\\/quan-barcelona-era-una-reconeguda-fabrica-de-balances\\\/\",\"name\":\"Quan Barcelona era una reconeguda f\u00e0brica de balances - Reial Acad\u00e8mia Europea de Doctors\",\"isPartOf\":{\"@id\":\"https:\\\/\\\/raed.academy\\\/ca\\\/#website\"},\"primaryImageOfPage\":{\"@id\":\"https:\\\/\\\/raed.academy\\\/ca\\\/quan-barcelona-era-una-reconeguda-fabrica-de-balances\\\/#primaryimage\"},\"image\":{\"@id\":\"https:\\\/\\\/raed.academy\\\/ca\\\/quan-barcelona-era-una-reconeguda-fabrica-de-balances\\\/#primaryimage\"},\"thumbnailUrl\":\"https:\\\/\\\/raed.academy\\\/wp-content\\\/uploads\\\/2021\\\/03\\\/antiguo-taller-de-fabricacion-de-balanzas-Tarradell-de-Barcelona.jpg\",\"datePublished\":\"2021-04-01T21:01:16+00:00\",\"dateModified\":\"2021-04-03T14:01:51+00:00\",\"description\":\"Albert Estrada dissenya l'exposici\u00f3 \\\"Barcelona, f\u00e0brica de balances\\\", que s'ha exposat al Museu Nacional d'Art de Catalunya (MNAC)\",\"breadcrumb\":{\"@id\":\"https:\\\/\\\/raed.academy\\\/ca\\\/quan-barcelona-era-una-reconeguda-fabrica-de-balances\\\/#breadcrumb\"},\"inLanguage\":\"ca-ES\",\"potentialAction\":[{\"@type\":\"ReadAction\",\"target\":[\"https:\\\/\\\/raed.academy\\\/ca\\\/quan-barcelona-era-una-reconeguda-fabrica-de-balances\\\/\"]}]},{\"@type\":\"ImageObject\",\"inLanguage\":\"ca-ES\",\"@id\":\"https:\\\/\\\/raed.academy\\\/ca\\\/quan-barcelona-era-una-reconeguda-fabrica-de-balances\\\/#primaryimage\",\"url\":\"https:\\\/\\\/raed.academy\\\/wp-content\\\/uploads\\\/2021\\\/03\\\/antiguo-taller-de-fabricacion-de-balanzas-Tarradell-de-Barcelona.jpg\",\"contentUrl\":\"https:\\\/\\\/raed.academy\\\/wp-content\\\/uploads\\\/2021\\\/03\\\/antiguo-taller-de-fabricacion-de-balanzas-Tarradell-de-Barcelona.jpg\",\"width\":700,\"height\":226,\"caption\":\"antiguo taller de fabricaci\u00f3n de balanzas Tarradell de Barcelona\"},{\"@type\":\"BreadcrumbList\",\"@id\":\"https:\\\/\\\/raed.academy\\\/ca\\\/quan-barcelona-era-una-reconeguda-fabrica-de-balances\\\/#breadcrumb\",\"itemListElement\":[{\"@type\":\"ListItem\",\"position\":1,\"name\":\"Inicio\",\"item\":\"https:\\\/\\\/raed.academy\\\/ca\\\/\"},{\"@type\":\"ListItem\",\"position\":2,\"name\":\"Quan Barcelona era una reconeguda f\u00e0brica de balances\"}]},{\"@type\":\"WebSite\",\"@id\":\"https:\\\/\\\/raed.academy\\\/ca\\\/#website\",\"url\":\"https:\\\/\\\/raed.academy\\\/ca\\\/\",\"name\":\"Reial Acad\u00e8mia Europea de Doctors\",\"description\":\"Corporaci\u00f3n de derecho p\u00fablico de car\u00e1cter cient\u00edfico, t\u00e9cnico y art\u00edstico, que tiene por objeto la investigaci\u00f3n, el estudio, el fomento y la extensi\u00f3n del conocimiento en su sentido m\u00e1s amplio\",\"publisher\":{\"@id\":\"https:\\\/\\\/raed.academy\\\/ca\\\/#organization\"},\"potentialAction\":[{\"@type\":\"SearchAction\",\"target\":{\"@type\":\"EntryPoint\",\"urlTemplate\":\"https:\\\/\\\/raed.academy\\\/ca\\\/?s={search_term_string}\"},\"query-input\":{\"@type\":\"PropertyValueSpecification\",\"valueRequired\":true,\"valueName\":\"search_term_string\"}}],\"inLanguage\":\"ca-ES\"},{\"@type\":\"Organization\",\"@id\":\"https:\\\/\\\/raed.academy\\\/ca\\\/#organization\",\"name\":\"Real Academia Europea de Doctores\",\"url\":\"https:\\\/\\\/raed.academy\\\/ca\\\/\",\"logo\":{\"@type\":\"ImageObject\",\"inLanguage\":\"ca-ES\",\"@id\":\"https:\\\/\\\/raed.academy\\\/ca\\\/#\\\/schema\\\/logo\\\/image\\\/\",\"url\":\"https:\\\/\\\/raed.academy\\\/wp-content\\\/uploads\\\/2017\\\/01\\\/cropped-logo_raed.png\",\"contentUrl\":\"https:\\\/\\\/raed.academy\\\/wp-content\\\/uploads\\\/2017\\\/01\\\/cropped-logo_raed.png\",\"width\":512,\"height\":512,\"caption\":\"Real Academia Europea de Doctores\"},\"image\":{\"@id\":\"https:\\\/\\\/raed.academy\\\/ca\\\/#\\\/schema\\\/logo\\\/image\\\/\"},\"sameAs\":[\"http:\\\/\\\/fb.me\\\/raed.academy\",\"https:\\\/\\\/x.com\\\/raedacademy\",\"https:\\\/\\\/www.instagram.com\\\/raed.academy\\\/\",\"https:\\\/\\\/www.youtube.com\\\/channel\\\/UCUYQwW2KrdirNWihxMDObwg\"]},{\"@type\":\"Person\",\"@id\":\"https:\\\/\\\/raed.academy\\\/ca\\\/#\\\/schema\\\/person\\\/5a755da80d1d979fd66ba745c8702927\",\"name\":\"RAED\",\"image\":{\"@type\":\"ImageObject\",\"inLanguage\":\"ca-ES\",\"@id\":\"https:\\\/\\\/secure.gravatar.com\\\/avatar\\\/19fdfdc0d67fb9c45714b703a2ac82251c4fcea3637f002ac3c9b74c0183583c?s=96&d=mm&r=g\",\"url\":\"https:\\\/\\\/secure.gravatar.com\\\/avatar\\\/19fdfdc0d67fb9c45714b703a2ac82251c4fcea3637f002ac3c9b74c0183583c?s=96&d=mm&r=g\",\"contentUrl\":\"https:\\\/\\\/secure.gravatar.com\\\/avatar\\\/19fdfdc0d67fb9c45714b703a2ac82251c4fcea3637f002ac3c9b74c0183583c?s=96&d=mm&r=g\",\"caption\":\"RAED\"}}]}<\/script>\n<!-- \/ Yoast SEO plugin. -->","yoast_head_json":{"title":"Quan Barcelona era una reconeguda f\u00e0brica de balances - Reial Acad\u00e8mia Europea de Doctors","description":"Albert Estrada dissenya l'exposici\u00f3 \"Barcelona, f\u00e0brica de balances\", que s'ha exposat al Museu Nacional d'Art de Catalunya (MNAC)","robots":{"index":"index","follow":"follow","max-snippet":"max-snippet:-1","max-image-preview":"max-image-preview:large","max-video-preview":"max-video-preview:-1"},"canonical":"https:\/\/raed.academy\/ca\/quan-barcelona-era-una-reconeguda-fabrica-de-balances\/","og_locale":"ca_ES","og_type":"article","og_title":"Quan Barcelona era una reconeguda f\u00e0brica de balances - Reial Acad\u00e8mia Europea de Doctors","og_description":"Albert Estrada dissenya l'exposici\u00f3 \"Barcelona, f\u00e0brica de balances\", que s'ha exposat al Museu Nacional d'Art de Catalunya (MNAC)","og_url":"https:\/\/raed.academy\/ca\/quan-barcelona-era-una-reconeguda-fabrica-de-balances\/","og_site_name":"Reial Acad\u00e8mia Europea de Doctors","article_publisher":"http:\/\/fb.me\/raed.academy","article_published_time":"2021-04-01T21:01:16+00:00","article_modified_time":"2021-04-03T14:01:51+00:00","og_image":[{"width":700,"height":226,"url":"https:\/\/raed.academy\/wp-content\/uploads\/2021\/03\/antiguo-taller-de-fabricacion-de-balanzas-Tarradell-de-Barcelona.jpg","type":"image\/jpeg"}],"author":"RAED","twitter_card":"summary_large_image","twitter_creator":"@raedacademy","twitter_site":"@raedacademy","twitter_misc":{"Written by":"RAED","Est. reading time":"3 minutes"},"schema":{"@context":"https:\/\/schema.org","@graph":[{"@type":"Article","@id":"https:\/\/raed.academy\/ca\/quan-barcelona-era-una-reconeguda-fabrica-de-balances\/#article","isPartOf":{"@id":"https:\/\/raed.academy\/ca\/quan-barcelona-era-una-reconeguda-fabrica-de-balances\/"},"author":{"name":"RAED","@id":"https:\/\/raed.academy\/ca\/#\/schema\/person\/5a755da80d1d979fd66ba745c8702927"},"headline":"Quan Barcelona era una reconeguda f\u00e0brica de balances","datePublished":"2021-04-01T21:01:16+00:00","dateModified":"2021-04-03T14:01:51+00:00","mainEntityOfPage":{"@id":"https:\/\/raed.academy\/ca\/quan-barcelona-era-una-reconeguda-fabrica-de-balances\/"},"wordCount":581,"publisher":{"@id":"https:\/\/raed.academy\/ca\/#organization"},"image":{"@id":"https:\/\/raed.academy\/ca\/quan-barcelona-era-una-reconeguda-fabrica-de-balances\/#primaryimage"},"thumbnailUrl":"https:\/\/raed.academy\/wp-content\/uploads\/2021\/03\/antiguo-taller-de-fabricacion-de-balanzas-Tarradell-de-Barcelona.jpg","articleSection":["Hist\u00f2ria"],"inLanguage":"ca-ES"},{"@type":"WebPage","@id":"https:\/\/raed.academy\/ca\/quan-barcelona-era-una-reconeguda-fabrica-de-balances\/","url":"https:\/\/raed.academy\/ca\/quan-barcelona-era-una-reconeguda-fabrica-de-balances\/","name":"Quan Barcelona era una reconeguda f\u00e0brica de balances - Reial Acad\u00e8mia Europea de Doctors","isPartOf":{"@id":"https:\/\/raed.academy\/ca\/#website"},"primaryImageOfPage":{"@id":"https:\/\/raed.academy\/ca\/quan-barcelona-era-una-reconeguda-fabrica-de-balances\/#primaryimage"},"image":{"@id":"https:\/\/raed.academy\/ca\/quan-barcelona-era-una-reconeguda-fabrica-de-balances\/#primaryimage"},"thumbnailUrl":"https:\/\/raed.academy\/wp-content\/uploads\/2021\/03\/antiguo-taller-de-fabricacion-de-balanzas-Tarradell-de-Barcelona.jpg","datePublished":"2021-04-01T21:01:16+00:00","dateModified":"2021-04-03T14:01:51+00:00","description":"Albert Estrada dissenya l'exposici\u00f3 \"Barcelona, f\u00e0brica de balances\", que s'ha exposat al Museu Nacional d'Art de Catalunya (MNAC)","breadcrumb":{"@id":"https:\/\/raed.academy\/ca\/quan-barcelona-era-una-reconeguda-fabrica-de-balances\/#breadcrumb"},"inLanguage":"ca-ES","potentialAction":[{"@type":"ReadAction","target":["https:\/\/raed.academy\/ca\/quan-barcelona-era-una-reconeguda-fabrica-de-balances\/"]}]},{"@type":"ImageObject","inLanguage":"ca-ES","@id":"https:\/\/raed.academy\/ca\/quan-barcelona-era-una-reconeguda-fabrica-de-balances\/#primaryimage","url":"https:\/\/raed.academy\/wp-content\/uploads\/2021\/03\/antiguo-taller-de-fabricacion-de-balanzas-Tarradell-de-Barcelona.jpg","contentUrl":"https:\/\/raed.academy\/wp-content\/uploads\/2021\/03\/antiguo-taller-de-fabricacion-de-balanzas-Tarradell-de-Barcelona.jpg","width":700,"height":226,"caption":"antiguo taller de fabricaci\u00f3n de balanzas Tarradell de Barcelona"},{"@type":"BreadcrumbList","@id":"https:\/\/raed.academy\/ca\/quan-barcelona-era-una-reconeguda-fabrica-de-balances\/#breadcrumb","itemListElement":[{"@type":"ListItem","position":1,"name":"Inicio","item":"https:\/\/raed.academy\/ca\/"},{"@type":"ListItem","position":2,"name":"Quan Barcelona era una reconeguda f\u00e0brica de balances"}]},{"@type":"WebSite","@id":"https:\/\/raed.academy\/ca\/#website","url":"https:\/\/raed.academy\/ca\/","name":"Reial Acad\u00e8mia Europea de Doctors","description":"Corporaci\u00f3n de derecho p\u00fablico de car\u00e1cter cient\u00edfico, t\u00e9cnico y art\u00edstico, que tiene por objeto la investigaci\u00f3n, el estudio, el fomento y la extensi\u00f3n del conocimiento en su sentido m\u00e1s amplio","publisher":{"@id":"https:\/\/raed.academy\/ca\/#organization"},"potentialAction":[{"@type":"SearchAction","target":{"@type":"EntryPoint","urlTemplate":"https:\/\/raed.academy\/ca\/?s={search_term_string}"},"query-input":{"@type":"PropertyValueSpecification","valueRequired":true,"valueName":"search_term_string"}}],"inLanguage":"ca-ES"},{"@type":"Organization","@id":"https:\/\/raed.academy\/ca\/#organization","name":"Real Academia Europea de Doctores","url":"https:\/\/raed.academy\/ca\/","logo":{"@type":"ImageObject","inLanguage":"ca-ES","@id":"https:\/\/raed.academy\/ca\/#\/schema\/logo\/image\/","url":"https:\/\/raed.academy\/wp-content\/uploads\/2017\/01\/cropped-logo_raed.png","contentUrl":"https:\/\/raed.academy\/wp-content\/uploads\/2017\/01\/cropped-logo_raed.png","width":512,"height":512,"caption":"Real Academia Europea de Doctores"},"image":{"@id":"https:\/\/raed.academy\/ca\/#\/schema\/logo\/image\/"},"sameAs":["http:\/\/fb.me\/raed.academy","https:\/\/x.com\/raedacademy","https:\/\/www.instagram.com\/raed.academy\/","https:\/\/www.youtube.com\/channel\/UCUYQwW2KrdirNWihxMDObwg"]},{"@type":"Person","@id":"https:\/\/raed.academy\/ca\/#\/schema\/person\/5a755da80d1d979fd66ba745c8702927","name":"RAED","image":{"@type":"ImageObject","inLanguage":"ca-ES","@id":"https:\/\/secure.gravatar.com\/avatar\/19fdfdc0d67fb9c45714b703a2ac82251c4fcea3637f002ac3c9b74c0183583c?s=96&d=mm&r=g","url":"https:\/\/secure.gravatar.com\/avatar\/19fdfdc0d67fb9c45714b703a2ac82251c4fcea3637f002ac3c9b74c0183583c?s=96&d=mm&r=g","contentUrl":"https:\/\/secure.gravatar.com\/avatar\/19fdfdc0d67fb9c45714b703a2ac82251c4fcea3637f002ac3c9b74c0183583c?s=96&d=mm&r=g","caption":"RAED"}}]}},"_links":{"self":[{"href":"https:\/\/raed.academy\/ca\/wp-json\/wp\/v2\/posts\/101538","targetHints":{"allow":["GET"]}}],"collection":[{"href":"https:\/\/raed.academy\/ca\/wp-json\/wp\/v2\/posts"}],"about":[{"href":"https:\/\/raed.academy\/ca\/wp-json\/wp\/v2\/types\/post"}],"author":[{"embeddable":true,"href":"https:\/\/raed.academy\/ca\/wp-json\/wp\/v2\/users\/12"}],"replies":[{"embeddable":true,"href":"https:\/\/raed.academy\/ca\/wp-json\/wp\/v2\/comments?post=101538"}],"version-history":[{"count":0,"href":"https:\/\/raed.academy\/ca\/wp-json\/wp\/v2\/posts\/101538\/revisions"}],"wp:featuredmedia":[{"embeddable":true,"href":"https:\/\/raed.academy\/ca\/wp-json\/wp\/v2\/media\/101518"}],"wp:attachment":[{"href":"https:\/\/raed.academy\/ca\/wp-json\/wp\/v2\/media?parent=101538"}],"wp:term":[{"taxonomy":"category","embeddable":true,"href":"https:\/\/raed.academy\/ca\/wp-json\/wp\/v2\/categories?post=101538"},{"taxonomy":"post_tag","embeddable":true,"href":"https:\/\/raed.academy\/ca\/wp-json\/wp\/v2\/tags?post=101538"}],"curies":[{"name":"wp","href":"https:\/\/api.w.org\/{rel}","templated":true}]}}